{"id":24355,"date":"2024-08-09T10:32:00","date_gmt":"2024-08-09T08:32:00","guid":{"rendered":"http:\/\/sionbartoszyce.pl\/?p=24355"},"modified":"2026-04-20T09:01:17","modified_gmt":"2026-04-20T07:01:17","slug":"pierwsi-do-pomocy","status":"publish","type":"post","link":"http:\/\/sionbartoszyce.pl\/en\/2024\/08\/09\/pierwsi-do-pomocy\/","title":{"rendered":"Pierwsi do pomocy"},"content":{"rendered":"<p>W ramach projektu \u201ePierwsi do Pomocy\u201d Stowarzyszenie Integracji Os\u00f3b Niepe\u0142nosprawnych SION w Bartoszycach zorganizowa\u0142o szkolenie dla cz\u0142onk\u00f3w rodzin os\u00f3b z niepe\u0142nosprawno\u015bciami, opiekun\u00f3w, kadry bezpo\u015brednio zaanga\u017cowanych w proces rehabilitacji zawodowej lub spo\u0142ecznej os\u00f3b niepe\u0142nosprawnych dotycz\u0105ce udzielania pierwszej pomocy i obs\u0142ugi AED.<\/p>\n\n\n\n<p>Szkolenie mia\u0142o wymiar zar\u00f3wno teoretyczny, jak i praktyczny.<br>Przeszkolone osoby zdoby\u0142y wiedz\u0119 na temat tego, w jaki spos\u00f3b zachowa\u0107 si\u0119 podczas zagro\u017cenia \u017cycia i zdrowia, a tak\u017ce zaznajomi\u0142y si\u0119 zar\u00f3wno ze sposobem dzia\u0142ania, jak i zastosowaniem defibrylatora AED w praktyce. Przeszkolono 20 os\u00f3b ( 2 grupy dziesi\u0119cioosobowe) .Pokazy pierwszej pomocy prowadzone by\u0142y przez wyspecjalizowan\u0105 kadr\u0119 ratownik\u00f3w medycznych. Szkolenie przeznaczone by\u0142y dla mieszka\u0144c\u00f3w powiatu bartoszyckiego oraz lidzbarskiego.<\/p>\n\n\n\n<p>W ramach projektu SION zakupi\u0142o r\u00f3wnie\u017c defibrylator AED, kt\u00f3ry przys\u0142u\u017cy si\u0119 mieszka\u0144com Bartoszyc, osobom z niepe\u0142nosprawno\u015bciami i innym osobom, kt\u00f3re b\u0119d\u0105 przebywa\u0142y w Bartoszycach .<br>Defibrylator znajduje si\u0119 na zewn\u0105trz budynku przy ulicy Bema 51A.<\/p>\n\n\n\n<p>Nie tylko okresowe kursy z obs\u0142ugi AED i z pierwszej pomocy, ale i sama obecno\u015b\u0107 AED pomog\u0105 zwi\u0119kszy\u0107 \u015bwiadomo\u015b\u0107 udzielania pierwszej pomocy.<\/p>\n\n\n\n<p>Zadanie \u201ePierwsi do pomocy\u201d sfinansowano ze \u015brodk\u00f3w Pa\u0144stwowego Funduszu Rehabilitacji Os\u00f3b Niepe\u0142nosprawnych b\u0119d\u0105cych w dyspozycji Samorz\u0105du Wojew\u00f3dztwa Warmi\u0144sko \u2013 Mazurskiego<\/p>\n\n\n\n<figure class=\"wp-block-gallery has-nested-images columns-default is-cropped wp-block-gallery-1 is-layout-flex wp-block-gallery-is-layout-flex\">\n<figure class=\"wp-block-image size-large\"><img data-dominant-color=\"756958\" data-has-transparency=\"false\" style=\"--dominant-color: #756958;\" loading=\"lazy\" decoding=\"async\" width=\"640\" height=\"480\" data-id=\"24713\" src=\"http:\/\/sionbartoszyce.pl\/wp-content\/uploads\/2024\/08\/KIzdPZ1P.jpg\" alt=\"\" class=\"wp-image-24713 not-transparent\" srcset=\"http:\/\/sionbartoszyce.pl\/wp-content\/uploads\/2024\/08\/KIzdPZ1P.jpg 640w, http:\/\/sionbartoszyce.pl\/wp-content\/uploads\/2024\/08\/KIzdPZ1P-300x225.jpg 300w, http:\/\/sionbartoszyce.pl\/wp-content\/uploads\/2024\/08\/KIzdPZ1P-16x12.jpg 16w\" sizes=\"auto, (max-width: 640px) 100vw, 640px\" \/><\/figure>\n\n\n\n<figure class=\"wp-block-image size-large\"><img data-dominant-color=\"5c7281\" data-has-transparency=\"false\" style=\"--dominant-color: #5c7281;\" loading=\"lazy\" decoding=\"async\" width=\"640\" height=\"480\" data-id=\"24715\" src=\"http:\/\/sionbartoszyce.pl\/wp-content\/uploads\/2024\/08\/85tRHOHh.jpg\" alt=\"\" class=\"wp-image-24715 not-transparent\" srcset=\"http:\/\/sionbartoszyce.pl\/wp-content\/uploads\/2024\/08\/85tRHOHh.jpg 640w, http:\/\/sionbartoszyce.pl\/wp-content\/uploads\/2024\/08\/85tRHOHh-300x225.jpg 300w, http:\/\/sionbartoszyce.pl\/wp-content\/uploads\/2024\/08\/85tRHOHh-16x12.jpg 16w\" sizes=\"auto, (max-width: 640px) 100vw, 640px\" \/><\/figure>\n\n\n\n<figure class=\"wp-block-image size-large\"><img data-dominant-color=\"9b7850\" data-has-transparency=\"false\" style=\"--dominant-color: #9b7850;\" loading=\"lazy\" decoding=\"async\" width=\"640\" height=\"480\" data-id=\"24712\" src=\"http:\/\/sionbartoszyce.pl\/wp-content\/uploads\/2024\/08\/7am3NzZu.jpg\" alt=\"\" class=\"wp-image-24712 not-transparent\" srcset=\"http:\/\/sionbartoszyce.pl\/wp-content\/uploads\/2024\/08\/7am3NzZu.jpg 640w, http:\/\/sionbartoszyce.pl\/wp-content\/uploads\/2024\/08\/7am3NzZu-300x225.jpg 300w, http:\/\/sionbartoszyce.pl\/wp-content\/uploads\/2024\/08\/7am3NzZu-16x12.jpg 16w\" sizes=\"auto, (max-width: 640px) 100vw, 640px\" \/><\/figure>\n\n\n\n<figure class=\"wp-block-image size-large\"><img data-dominant-color=\"87774b\" data-has-transparency=\"false\" style=\"--dominant-color: #87774b;\" loading=\"lazy\" decoding=\"async\" width=\"640\" height=\"480\" data-id=\"24714\" src=\"http:\/\/sionbartoszyce.pl\/wp-content\/uploads\/2024\/08\/0anMSErM.jpg\" alt=\"\" class=\"wp-image-24714 not-transparent\" srcset=\"http:\/\/sionbartoszyce.pl\/wp-content\/uploads\/2024\/08\/0anMSErM.jpg 640w, http:\/\/sionbartoszyce.pl\/wp-content\/uploads\/2024\/08\/0anMSErM-300x225.jpg 300w, http:\/\/sionbartoszyce.pl\/wp-content\/uploads\/2024\/08\/0anMSErM-16x12.jpg 16w\" sizes=\"auto, (max-width: 640px) 100vw, 640px\" \/><\/figure>\n<\/figure>\n\n\n\n<hr class=\"wp-block-separator has-alpha-channel-opacity\"\/>\n\n\n\n<p><br>Umowa o realizacj\u0119 zadania publicznego o kt\u00f3rej mowa w art. 16 ust 1* ustawy z dnia 24 kwietnia 2003 roku o dzia\u0142alno\u015bci po\u017cytku publicznego i o wolontariacie (Dz. I. z 2023 r. poz. 571 z p\u00f3\u017an. zm), ze \u015brodk\u00f3w Pa\u0144stwowego Funduszu Rehabilitacji Os\u00f3b Niepe\u0142nosprawnych b\u0119d\u0105cych w dyspozycji Samorz\u0105du Wojew\u00f3dztwa Warmi\u0144sko &#8211; Mazurskiego<\/p>\n\n\n\n<p>nr Umowy: ROPS-V.614.4.19.2024<\/p>\n\n\n\n<p><strong>Tytu\u0142 projektu:<\/strong> Pierwsi do pomocy<br><strong>Data zawarcia umowy:<\/strong> 25.07.2024 r. w Olsztynie<br><strong>Termin realizacji zadania:<\/strong> od 1.09.2024 r. do 31.10.2024 r.<br><strong>Ca\u0142kowity koszt zadania publicznego:<\/strong> 13 480,00 z\u0142<\/p>\n\n\n\n<hr class=\"wp-block-separator has-alpha-channel-opacity\"\/>\n\n\n\n<p>W ramach projektu \u201ePierwsi do pomocy\u201d SION zakupi\u0142 defibrylator zewn\u0119trzny ze \u015brodk\u00f3w PFRON b\u0119d\u0105cych w dyspozycji Samorz\u0105du Wojew\u00f3dztwa Warmi\u0144sko \u2013 Mazurskiego. SION oraz nasze miasto stanie si\u0119 bezpieczniejszym miejscem, gotowym na niespodziewane sytuacje. W trosce o bezpiecze\u0144stwo os\u00f3b z niepe\u0142nosprawno\u015bciami, pracownik\u00f3w SION oraz mieszka\u0144c\u00f3w naszego miasta i nie tylko, zosta\u0142 zamontowany defibrylator AED, kt\u00f3ry jest niewielkim i prostym urz\u0105dzeniem, a w sytuacji zagro\u017cenia \u017cycia jego konstrukcja pozwala osobie bez wiedzy medycznej udzieli\u0107 pierwszej pomocy.<\/p>\n\n\n\n<p>Z pewno\u015bci\u0105 posiadanie defibrylatora nie tylko b\u0119dzie pomocne w sytuacji zagro\u017cenia \u017cycia, ale po szkoleniu jakie jeszcze nas czeka ka\u017cdy b\u0119dzie zna\u0142 zasady obs\u0142ugi defibrylatora AED.<\/p>\n\n\n\n<figure class=\"wp-block-gallery has-nested-images columns-default is-cropped wp-block-gallery-2 is-layout-flex wp-block-gallery-is-layout-flex\">\n<figure class=\"wp-block-image size-large\"><img data-dominant-color=\"b8a094\" data-has-transparency=\"false\" style=\"--dominant-color: #b8a094;\" loading=\"lazy\" decoding=\"async\" width=\"480\" height=\"638\" data-id=\"24717\" src=\"http:\/\/sionbartoszyce.pl\/wp-content\/uploads\/2024\/08\/PXL_20241004_083828232.jpg\" alt=\"\" class=\"wp-image-24717 not-transparent\" srcset=\"http:\/\/sionbartoszyce.pl\/wp-content\/uploads\/2024\/08\/PXL_20241004_083828232.jpg 480w, http:\/\/sionbartoszyce.pl\/wp-content\/uploads\/2024\/08\/PXL_20241004_083828232-226x300.jpg 226w, http:\/\/sionbartoszyce.pl\/wp-content\/uploads\/2024\/08\/PXL_20241004_083828232-9x12.jpg 9w\" sizes=\"auto, (max-width: 480px) 100vw, 480px\" \/><\/figure>\n\n\n\n<figure class=\"wp-block-image size-large\"><img data-dominant-color=\"72747a\" data-has-transparency=\"false\" style=\"--dominant-color: #72747a;\" loading=\"lazy\" decoding=\"async\" width=\"480\" height=\"638\" data-id=\"24718\" src=\"http:\/\/sionbartoszyce.pl\/wp-content\/uploads\/2024\/08\/PXL_20241004_083816565.jpg\" alt=\"\" class=\"wp-image-24718 not-transparent\" srcset=\"http:\/\/sionbartoszyce.pl\/wp-content\/uploads\/2024\/08\/PXL_20241004_083816565.jpg 480w, http:\/\/sionbartoszyce.pl\/wp-content\/uploads\/2024\/08\/PXL_20241004_083816565-226x300.jpg 226w, http:\/\/sionbartoszyce.pl\/wp-content\/uploads\/2024\/08\/PXL_20241004_083816565-9x12.jpg 9w\" sizes=\"auto, (max-width: 480px) 100vw, 480px\" \/><\/figure>\n<\/figure>","protected":false},"excerpt":{"rendered":"<p>W ramach projektu \u201ePierwsi do Pomocy\u201d Stowarzyszenie Integracji Os\u00f3b Niepe\u0142nosprawnych SION w Bartoszycach zorganizowa\u0142o szkolenie dla cz\u0142onk\u00f3w rodzin os\u00f3b z niepe\u0142nosprawno\u015bciami, opiekun\u00f3w, kadry bezpo\u015brednio zaanga\u017cowanych w proces rehabilitacji zawodowej lub spo\u0142ecznej os\u00f3b niepe\u0142nosprawnych dotycz\u0105ce udzielania pierwszej pomocy i obs\u0142ugi AED. Szkolenie mia\u0142o wymiar zar\u00f3wno teoretyczny, jak i praktyczny.Przeszkolone osoby zdoby\u0142y wiedz\u0119 na temat tego, w [&hellip;]<\/p>\n","protected":false},"author":1,"featured_media":0,"comment_status":"closed","ping_status":"open","sticky":false,"template":"","format":"standard","meta":{"site-sidebar-layout":"default","site-content-layout":"","ast-site-content-layout":"default","site-content-style":"default","site-sidebar-style":"default","ast-global-header-display":"","ast-banner-title-visibility":"","ast-main-header-display":"","ast-hfb-above-header-display":"","ast-hfb-below-header-display":"","ast-hfb-mobile-header-display":"","site-post-title":"","ast-breadcrumbs-content":"","ast-featured-img":"","footer-sml-layout":"","ast-disable-related-posts":"","theme-transparent-header-meta":"","adv-header-id-meta":"","stick-header-meta":"","header-above-stick-meta":"","header-main-stick-meta":"","header-below-stick-meta":"","astra-migrate-meta-layouts":"set","ast-page-background-enabled":"default","ast-page-background-meta":{"desktop":{"background-color":"","background-image":"","background-repeat":"repeat","background-position":"center center","background-size":"auto","background-attachment":"scroll","background-type":"","background-media":"","overlay-type":"","overlay-color":"","overlay-opacity":"","overlay-gradient":""},"tablet":{"background-color":"","background-image":"","background-repeat":"repeat","background-position":"center center","background-size":"auto","background-attachment":"scroll","background-type":"","background-media":"","overlay-type":"","overlay-color":"","overlay-opacity":"","overlay-gradient":""},"mobile":{"background-color":"","background-image":"","background-repeat":"repeat","background-position":"center center","background-size":"auto","background-attachment":"scroll","background-type":"","background-media":"","overlay-type":"","overlay-color":"","overlay-opacity":"","overlay-gradient":""}},"ast-content-background-meta":{"desktop":{"background-color":"var(--ast-global-color-5)","background-image":"","background-repeat":"repeat","background-position":"center center","background-size":"auto","background-attachment":"scroll","background-type":"","background-media":"","overlay-type":"","overlay-color":"","overlay-opacity":"","overlay-gradient":""},"tablet":{"background-color":"var(--ast-global-color-5)","background-image":"","background-repeat":"repeat","background-position":"center center","background-size":"auto","background-attachment":"scroll","background-type":"","background-media":"","overlay-type":"","overlay-color":"","overlay-opacity":"","overlay-gradient":""},"mobile":{"background-color":"var(--ast-global-color-5)","background-image":"","background-repeat":"repeat","background-position":"center center","background-size":"auto","background-attachment":"scroll","background-type":"","background-media":"","overlay-type":"","overlay-color":"","overlay-opacity":"","overlay-gradient":""}},"ngg_post_thumbnail":0,"footnotes":""},"categories":[3],"tags":[248,236,240],"class_list":["post-24355","post","type-post","status-publish","format-standard","hentry","category-aktualnosci-sion-wtz-bartoszyce","tag-248","tag-projekty","tag-sierpien"],"_links":{"self":[{"href":"http:\/\/sionbartoszyce.pl\/en\/wp-json\/wp\/v2\/posts\/24355","targetHints":{"allow":["GET"]}}],"collection":[{"href":"http:\/\/sionbartoszyce.pl\/en\/wp-json\/wp\/v2\/posts"}],"about":[{"href":"http:\/\/sionbartoszyce.pl\/en\/wp-json\/wp\/v2\/types\/post"}],"author":[{"embeddable":true,"href":"http:\/\/sionbartoszyce.pl\/en\/wp-json\/wp\/v2\/users\/1"}],"replies":[{"embeddable":true,"href":"http:\/\/sionbartoszyce.pl\/en\/wp-json\/wp\/v2\/comments?post=24355"}],"version-history":[{"count":8,"href":"http:\/\/sionbartoszyce.pl\/en\/wp-json\/wp\/v2\/posts\/24355\/revisions"}],"predecessor-version":[{"id":24719,"href":"http:\/\/sionbartoszyce.pl\/en\/wp-json\/wp\/v2\/posts\/24355\/revisions\/24719"}],"wp:attachment":[{"href":"http:\/\/sionbartoszyce.pl\/en\/wp-json\/wp\/v2\/media?parent=24355"}],"wp:term":[{"taxonomy":"category","embeddable":true,"href":"http:\/\/sionbartoszyce.pl\/en\/wp-json\/wp\/v2\/categories?post=24355"},{"taxonomy":"post_tag","embeddable":true,"href":"http:\/\/sionbartoszyce.pl\/en\/wp-json\/wp\/v2\/tags?post=24355"}],"curies":[{"name":"wp","href":"https:\/\/api.w.org\/{rel}","templated":true}]}}