{"id":23659,"date":"2026-01-19T12:21:20","date_gmt":"2026-01-19T11:21:20","guid":{"rendered":"http:\/\/sionbartoszyce.pl\/?p=23659"},"modified":"2026-04-20T08:44:43","modified_gmt":"2026-04-20T06:44:43","slug":"bal-karnawalowy","status":"publish","type":"post","link":"http:\/\/sionbartoszyce.pl\/en\/2026\/01\/19\/bal-karnawalowy\/","title":{"rendered":"Bal Karnawa\u0142owy"},"content":{"rendered":"<p>W pi\u0105tek, 16.01.2026 r., w siedzibie Stowarzyszenia Integracji Os\u00f3b Niepe\u0142nosprawnych SION w Bartoszycach odby\u0142 si\u0119 bal karnawa\u0142owy dla cz\u0142onk\u00f3w naszego Stowarzyszenia.<\/p>\n\n\n\n<p>Wsp\u00f3\u0142organizatorem zabawy by\u0142 Mateusz DJ Mati-Brass, kt\u00f3ry wraz z kole\u017cank\u0105 Emilk\u0105, przyby\u0142 do nas wraz z wyj\u0105tkowymi go\u015b\u0107mi: Kubusiem Puchatkiem, Tygryskiem, Myszk\u0105 Miki i Minionkiem. Mateusz swoj\u0105 gr\u0105 na tr\u0105bce oraz \u015bpiewem rozbawi\u0142 wszystkich uczestnik\u00f3w balu.<\/p>\n\n\n\n<p>W tym roku w organizacj\u0119 naszej zabawy w\u0142\u0105czy\u0142y si\u0119 r\u00f3wnie\u017c uczennice Liceum Og\u00f3lnokszta\u0142c\u0105cego im. Stefana \u017beromskiego w Bartoszycach: Daria, Milena oraz Malwina. W ramach programu \u201eZwolnieni z Teorii\u201d \u2013 og\u00f3lnopolskiej olimpiady, w kt\u00f3rej m\u0142odzie\u017c realizuje w\u0142asne projekty spo\u0142eczne \u2013 przygotowa\u0142y one konkursy i zabawy, w kt\u00f3re ch\u0119tnie w\u0142\u0105czyli si\u0119 uczestnicy wydarzenia, wsp\u00f3lnie bawi\u0105c si\u0119 doskonale. By\u0142a to dla nich okazja do sprawdzenia swoich mo\u017cliwo\u015bci, a jednocze\u015bnie \u017ar\u00f3d\u0142o wielu pozytywnych emocji i rado\u015bci.<\/p>\n\n\n\n<p>Dekoracj\u0119 sali oraz pocz\u0119stunek w formie ciast, owoc\u00f3w i napoj\u00f3w przygotowali pracownicy oraz cz\u0142onkowie Stowarzyszenia \u2013 za co wszystkim serdecznie dzi\u0119kujemy.<\/p>\n\n\n\n<p>Do ta\u0144ca najwi\u0119ksze przeboje serwowa\u0142a nam Pani Sylwia \u2013 terapeutka WTZ.<\/p>\n\n\n\n<p>Odwiedzi\u0142 nas tak\u017ce Miko\u0142aj, kt\u00f3ry wsp\u00f3lnie bawi\u0142 si\u0119 z uczestnikami balu oraz rozda\u0142 paczki ze s\u0142odyczami. Tradycyjnie wybrano r\u00f3wnie\u017c kr\u00f3la i kr\u00f3low\u0105 balu \u2013 zostali nimi Ania<br>i Bartek.<\/p>\n\n\n\n<p>Dzi\u0119kujemy wszystkim za wsp\u00f3ln\u0105, wspania\u0142\u0105 zabaw\u0119!<br>Dzi\u0119ki takim inicjatywom osoby z niepe\u0142nosprawno\u015bciami maj\u0105 mo\u017cliwo\u015b\u0107 spotka\u0144 w gronie znajomych oraz radosnego sp\u0119dzania czasu.<\/p>","protected":false},"excerpt":{"rendered":"<p>W pi\u0105tek, 16.01.2026 r., w siedzibie Stowarzyszenia Integracji Os\u00f3b Niepe\u0142nosprawnych SION w Bartoszycach odby\u0142 si\u0119 bal karnawa\u0142owy dla cz\u0142onk\u00f3w naszego Stowarzyszenia. Wsp\u00f3\u0142organizatorem zabawy by\u0142 Mateusz DJ Mati-Brass, kt\u00f3ry wraz z kole\u017cank\u0105 Emilk\u0105, przyby\u0142 do nas wraz z wyj\u0105tkowymi go\u015b\u0107mi: Kubusiem Puchatkiem, Tygryskiem, Myszk\u0105 Miki i Minionkiem. Mateusz swoj\u0105 gr\u0105 na tr\u0105bce oraz \u015bpiewem rozbawi\u0142 wszystkich [&hellip;]<\/p>\n","protected":false},"author":1,"featured_media":0,"comment_status":"closed","ping_status":"open","sticky":false,"template":"","format":"standard","meta":{"site-sidebar-layout":"default","site-content-layout":"","ast-site-content-layout":"default","site-content-style":"default","site-sidebar-style":"default","ast-global-header-display":"","ast-banner-title-visibility":"","ast-main-header-display":"","ast-hfb-above-header-display":"","ast-hfb-below-header-display":"","ast-hfb-mobile-header-display":"","site-post-title":"","ast-breadcrumbs-content":"","ast-featured-img":"","footer-sml-layout":"","ast-disable-related-posts":"","theme-transparent-header-meta":"","adv-header-id-meta":"","stick-header-meta":"","header-above-stick-meta":"","header-main-stick-meta":"","header-below-stick-meta":"","astra-migrate-meta-layouts":"set","ast-page-background-enabled":"default","ast-page-background-meta":{"desktop":{"background-color":"","background-image":"","background-repeat":"repeat","background-position":"center center","background-size":"auto","background-attachment":"scroll","background-type":"","background-media":"","overlay-type":"","overlay-color":"","overlay-opacity":"","overlay-gradient":""},"tablet":{"background-color":"","background-image":"","background-repeat":"repeat","background-position":"center center","background-size":"auto","background-attachment":"scroll","background-type":"","background-media":"","overlay-type":"","overlay-color":"","overlay-opacity":"","overlay-gradient":""},"mobile":{"background-color":"","background-image":"","background-repeat":"repeat","background-position":"center center","background-size":"auto","background-attachment":"scroll","background-type":"","background-media":"","overlay-type":"","overlay-color":"","overlay-opacity":"","overlay-gradient":""}},"ast-content-background-meta":{"desktop":{"background-color":"var(--ast-global-color-5)","background-image":"","background-repeat":"repeat","background-position":"center center","background-size":"auto","background-attachment":"scroll","background-type":"","background-media":"","overlay-type":"","overlay-color":"","overlay-opacity":"","overlay-gradient":""},"tablet":{"background-color":"var(--ast-global-color-5)","background-image":"","background-repeat":"repeat","background-position":"center center","background-size":"auto","background-attachment":"scroll","background-type":"","background-media":"","overlay-type":"","overlay-color":"","overlay-opacity":"","overlay-gradient":""},"mobile":{"background-color":"var(--ast-global-color-5)","background-image":"","background-repeat":"repeat","background-position":"center center","background-size":"auto","background-attachment":"scroll","background-type":"","background-media":"","overlay-type":"","overlay-color":"","overlay-opacity":"","overlay-gradient":""}},"ngg_post_thumbnail":0,"footnotes":""},"categories":[3],"tags":[256,247],"class_list":["post-23659","post","type-post","status-publish","format-standard","hentry","category-aktualnosci-sion-wtz-bartoszyce","tag-256","tag-styczen"],"_links":{"self":[{"href":"http:\/\/sionbartoszyce.pl\/en\/wp-json\/wp\/v2\/posts\/23659","targetHints":{"allow":["GET"]}}],"collection":[{"href":"http:\/\/sionbartoszyce.pl\/en\/wp-json\/wp\/v2\/posts"}],"about":[{"href":"http:\/\/sionbartoszyce.pl\/en\/wp-json\/wp\/v2\/types\/post"}],"author":[{"embeddable":true,"href":"http:\/\/sionbartoszyce.pl\/en\/wp-json\/wp\/v2\/users\/1"}],"replies":[{"embeddable":true,"href":"http:\/\/sionbartoszyce.pl\/en\/wp-json\/wp\/v2\/comments?post=23659"}],"version-history":[{"count":4,"href":"http:\/\/sionbartoszyce.pl\/en\/wp-json\/wp\/v2\/posts\/23659\/revisions"}],"predecessor-version":[{"id":24697,"href":"http:\/\/sionbartoszyce.pl\/en\/wp-json\/wp\/v2\/posts\/23659\/revisions\/24697"}],"wp:attachment":[{"href":"http:\/\/sionbartoszyce.pl\/en\/wp-json\/wp\/v2\/media?parent=23659"}],"wp:term":[{"taxonomy":"category","embeddable":true,"href":"http:\/\/sionbartoszyce.pl\/en\/wp-json\/wp\/v2\/categories?post=23659"},{"taxonomy":"post_tag","embeddable":true,"href":"http:\/\/sionbartoszyce.pl\/en\/wp-json\/wp\/v2\/tags?post=23659"}],"curies":[{"name":"wp","href":"https:\/\/api.w.org\/{rel}","templated":true}]}}