{"id":23656,"date":"2026-01-16T09:07:55","date_gmt":"2026-01-16T08:07:55","guid":{"rendered":"http:\/\/sionbartoszyce.pl\/?p=23656"},"modified":"2026-04-20T08:45:06","modified_gmt":"2026-04-20T06:45:06","slug":"kulturalne-czwartki","status":"publish","type":"post","link":"http:\/\/sionbartoszyce.pl\/en\/2026\/01\/16\/kulturalne-czwartki\/","title":{"rendered":"\u201eKulturalne Czwartki\u201d"},"content":{"rendered":"<p>15 stycznia 2026 roku w Miejskiej Bibliotece Publicznej w Bartoszycach, w ramach cyklu <strong>\u201eKulturalne Czwartki\u201d<\/strong>, odby\u0142o si\u0119 wyj\u0105tkowe spotkanie z <strong>Damianem Jankowskim<\/strong> \u2013 pisarzem, publicyst\u0105, krytykiem filmowym oraz redaktorem portalu <em>Wi\u0119\u017a.pl<\/em>.<\/p>\n\n\n\n<p>By\u0142o to niezwykle interesuj\u0105ce i ciep\u0142e spotkanie, pe\u0142ne ciekawej rozmowy, refleksji i literackich emocji. Prowadz\u0105ca, <strong>Katarzyna Basak<\/strong>, z du\u017cym wyczuciem i zaanga\u017cowaniem rozmawia\u0142a z autorem o jego najnowszej powie\u015bci <strong>\u201eRubi\u201d<\/strong>, wydanej w 2025 roku. <\/p>\n\n\n\n<p>\u201eRubi\u201dto opowie\u015b\u0107 o ludziach uwik\u0142anych w barwne, cz\u0119sto skomplikowane relacje, o wielkich emocjach i drobnych szczeg\u00f3\u0142ach dnia codziennego, rozgrywaj\u0105cych si\u0119 w miejscowo\u015bci <strong>Wiagar<\/strong>. To historia, kt\u00f3ra porusza, sk\u0142ania do refleksji i zostaje z czytelnikiem na d\u0142ugo po zamkni\u0119ciu ksi\u0105\u017cki.<\/p>\n\n\n\n<p>Spotkanie przebieg\u0142o w bardzo przyjaznej atmosferze i dostarczy\u0142o uczestnikom wielu inspiruj\u0105cych wra\u017ce\u0144.<br><strong>Serdecznie polecamy zar\u00f3wno ksi\u0105\u017ck\u0119, jak i udzia\u0142 w kolejnych \u201eKulturalnych Czwartkach\u201d.<\/strong><\/p>\n\n\n\n<p><\/p>","protected":false},"excerpt":{"rendered":"<p>15 stycznia 2026 roku w Miejskiej Bibliotece Publicznej w Bartoszycach, w ramach cyklu \u201eKulturalne Czwartki\u201d, odby\u0142o si\u0119 wyj\u0105tkowe spotkanie z Damianem Jankowskim \u2013 pisarzem, publicyst\u0105, krytykiem filmowym oraz redaktorem portalu Wi\u0119\u017a.pl. By\u0142o to niezwykle interesuj\u0105ce i ciep\u0142e spotkanie, pe\u0142ne ciekawej rozmowy, refleksji i literackich emocji. Prowadz\u0105ca, Katarzyna Basak, z du\u017cym wyczuciem i zaanga\u017cowaniem rozmawia\u0142a z [&hellip;]<\/p>\n","protected":false},"author":1,"featured_media":0,"comment_status":"closed","ping_status":"open","sticky":false,"template":"","format":"standard","meta":{"site-sidebar-layout":"default","site-content-layout":"","ast-site-content-layout":"default","site-content-style":"default","site-sidebar-style":"default","ast-global-header-display":"","ast-banner-title-visibility":"","ast-main-header-display":"","ast-hfb-above-header-display":"","ast-hfb-below-header-display":"","ast-hfb-mobile-header-display":"","site-post-title":"","ast-breadcrumbs-content":"","ast-featured-img":"","footer-sml-layout":"","ast-disable-related-posts":"","theme-transparent-header-meta":"","adv-header-id-meta":"","stick-header-meta":"","header-above-stick-meta":"","header-main-stick-meta":"","header-below-stick-meta":"","astra-migrate-meta-layouts":"set","ast-page-background-enabled":"default","ast-page-background-meta":{"desktop":{"background-color":"","background-image":"","background-repeat":"repeat","background-position":"center center","background-size":"auto","background-attachment":"scroll","background-type":"","background-media":"","overlay-type":"","overlay-color":"","overlay-opacity":"","overlay-gradient":""},"tablet":{"background-color":"","background-image":"","background-repeat":"repeat","background-position":"center center","background-size":"auto","background-attachment":"scroll","background-type":"","background-media":"","overlay-type":"","overlay-color":"","overlay-opacity":"","overlay-gradient":""},"mobile":{"background-color":"","background-image":"","background-repeat":"repeat","background-position":"center center","background-size":"auto","background-attachment":"scroll","background-type":"","background-media":"","overlay-type":"","overlay-color":"","overlay-opacity":"","overlay-gradient":""}},"ast-content-background-meta":{"desktop":{"background-color":"var(--ast-global-color-5)","background-image":"","background-repeat":"repeat","background-position":"center center","background-size":"auto","background-attachment":"scroll","background-type":"","background-media":"","overlay-type":"","overlay-color":"","overlay-opacity":"","overlay-gradient":""},"tablet":{"background-color":"var(--ast-global-color-5)","background-image":"","background-repeat":"repeat","background-position":"center center","background-size":"auto","background-attachment":"scroll","background-type":"","background-media":"","overlay-type":"","overlay-color":"","overlay-opacity":"","overlay-gradient":""},"mobile":{"background-color":"var(--ast-global-color-5)","background-image":"","background-repeat":"repeat","background-position":"center center","background-size":"auto","background-attachment":"scroll","background-type":"","background-media":"","overlay-type":"","overlay-color":"","overlay-opacity":"","overlay-gradient":""}},"ngg_post_thumbnail":0,"footnotes":""},"categories":[3],"tags":[256,247],"class_list":["post-23656","post","type-post","status-publish","format-standard","hentry","category-aktualnosci-sion-wtz-bartoszyce","tag-256","tag-styczen"],"_links":{"self":[{"href":"http:\/\/sionbartoszyce.pl\/en\/wp-json\/wp\/v2\/posts\/23656","targetHints":{"allow":["GET"]}}],"collection":[{"href":"http:\/\/sionbartoszyce.pl\/en\/wp-json\/wp\/v2\/posts"}],"about":[{"href":"http:\/\/sionbartoszyce.pl\/en\/wp-json\/wp\/v2\/types\/post"}],"author":[{"embeddable":true,"href":"http:\/\/sionbartoszyce.pl\/en\/wp-json\/wp\/v2\/users\/1"}],"replies":[{"embeddable":true,"href":"http:\/\/sionbartoszyce.pl\/en\/wp-json\/wp\/v2\/comments?post=23656"}],"version-history":[{"count":3,"href":"http:\/\/sionbartoszyce.pl\/en\/wp-json\/wp\/v2\/posts\/23656\/revisions"}],"predecessor-version":[{"id":24698,"href":"http:\/\/sionbartoszyce.pl\/en\/wp-json\/wp\/v2\/posts\/23656\/revisions\/24698"}],"wp:attachment":[{"href":"http:\/\/sionbartoszyce.pl\/en\/wp-json\/wp\/v2\/media?parent=23656"}],"wp:term":[{"taxonomy":"category","embeddable":true,"href":"http:\/\/sionbartoszyce.pl\/en\/wp-json\/wp\/v2\/categories?post=23656"},{"taxonomy":"post_tag","embeddable":true,"href":"http:\/\/sionbartoszyce.pl\/en\/wp-json\/wp\/v2\/tags?post=23656"}],"curies":[{"name":"wp","href":"https:\/\/api.w.org\/{rel}","templated":true}]}}