{"id":23496,"date":"2025-10-01T11:03:07","date_gmt":"2025-10-01T09:03:07","guid":{"rendered":"http:\/\/sionbartoszyce.pl\/?p=23496"},"modified":"2025-10-01T11:22:47","modified_gmt":"2025-10-01T09:22:47","slug":"niepelnosprawni-ale-w-pelni-zwyciezcy-czyli-viii-powiatowe-zawody-sportowo-rekreacyjne-w-bartoszycach","status":"publish","type":"post","link":"http:\/\/sionbartoszyce.pl\/en\/2025\/10\/01\/niepelnosprawni-ale-w-pelni-zwyciezcy-czyli-viii-powiatowe-zawody-sportowo-rekreacyjne-w-bartoszycach\/","title":{"rendered":"Niepe\u0142nosprawni, ale w pe\u0142ni zwyci\u0119zcy \u2013 czyli VIII Powiatowe Zawody Sportowo-Rekreacyjne w Bartoszycach"},"content":{"rendered":"\n<p>30 wrze\u015bnia 2025r., przy Bartoszyckim O\u015brodku Sportu i Rekreacji, odby\u0142y si\u0119<\/p>\n\n\n\n<p>VIII Powiatowe zawody sportowo \u2013 rekreacyjne os\u00f3b niepe\u0142nosprawnych,<\/p>\n\n\n\n<p><a><\/a>zorganizowane przez Stowarzyszenie Integracji Os\u00f3b Niepe\u0142nosprawnych SION<\/p>\n\n\n\n<p>w Bartoszycach.<\/p>\n\n\n\n<p>Zawody dofinansowane by\u0142y ze \u015brodk\u00f3w Warmi\u0144sko \u2013 Mazurskiej Federacji<\/p>\n\n\n\n<p>Sportu Os\u00f3b Niepe\u0142nosprawnych z siedzib\u0105 w Olsztynie.<\/p>\n\n\n\n<p>W zawodach wzi\u0119li udzia\u0142 reprezentanci plac\u00f3wek z terenu naszego powiatu.<\/p>\n\n\n\n<p>Ka\u017cdy o\u015brodek wystawi\u0142 po 5 zawodnik\u00f3w. Rozgrywane konkurencje by\u0142y<\/p>\n\n\n\n<p>wykonywane dru\u017cynowo. Zawodnicy musieli wykaza\u0107 si\u0119 zwinno\u015bci\u0105, skupieniem i<\/p>\n\n\n\n<p>dok\u0142adno\u015bci\u0105. Konkurencje by\u0142y zestawieniem zabaw, gier ruchowych z<\/p>\n\n\n\n<p>\u0107wiczeniami gimnastycznymi kt\u00f3re zapewni\u0142y zawodnikom mo\u017cliwo\u015b\u0107<\/p>\n\n\n\n<p>wsp\u00f3\u0142zawodnictwa ale przede wszystkim doskona\u0142\u0105 zabaw\u0119.<\/p>\n\n\n\n<p>Komisja s\u0119dziowska wy\u0142oni\u0142a I,II,III miejsce,<\/p>\n\n\n\n<p>z najwy\u017csz\u0105 ilo\u015bci\u0105 punkt\u00f3w zebranych w poszczeg\u00f3lnych konkurencjach, i tak:<\/p>\n\n\n\n<p>I miejsce \u2013 Zak\u0142ad Aktywno\u015bci Zawodowej przy Stowarzyszeniu Integracji Os\u00f3b<\/p>\n\n\n\n<p>Niepe\u0142nosprawnych SION w Bartoszycach;<\/p>\n\n\n\n<p>II miejsce \u2013 <a href=\"https:\/\/www.facebook.com\/profile.php?id=100057671131039&amp;__cft__[0]=AZXw3bEPRPcgyQUTBdRx6ElHoGB-3WkwBTcqb8_Ti0MEnRDzB85-LxI7UiY5DIo0IRshS9Z6uRgmqWP_p_S58_mJUPJZhg56JjN7cZRbsqLmwJ2VEzhTqFsYIriyc1wsfbXxdYf01RQEzl7re1DjX7nw&amp;__tn__=-]K-R\" target=\"_blank\" rel=\"noopener\">Dom Pomocy Spo\u0142ecznej w Kami\u0144sku<\/a><\/p>\n\n\n\n<p>III miejsce &#8211; Warsztaty Terapii Zaj\u0119ciowej przy Stowarzyszeniu Integracji<\/p>\n\n\n\n<p>Os\u00f3b Niepe\u0142nosprawnych SION w Bartoszycach;<\/p>\n\n\n\n<p>Zwyci\u0119zcom przyznano puchary i dyplomy. Wszyscy uczestnicy otrzymali<\/p>\n\n\n\n<p>upominki za uczestnictwo w zawodach.<\/p>\n\n\n\n<p>Zawody sfinalizowano wsp\u00f3lnym grillowaniem.<\/p>\n\n\n\n<p>Zawody sportowo \u2013 rekreacyjne skupi\u0142y \u015brodowisko os\u00f3b z niepe\u0142nosprawno\u015bciami.<\/p>\n\n\n\n<p>Walka toczy\u0142a si\u0119 o zwyci\u0119stwo, ale nie mniejsze znaczenie mia\u0142a integracja<\/p>\n\n\n\n<p>i dobra zabawa.<\/p>\n\n\n\n<p>Serdeczne podzi\u0119kowania dla wszystkich kt\u00f3rzy przyczynili si\u0119 do<\/p>\n\n\n\n<p>zorganizowania tego sportowego wydarzenia!<\/p>\n\n\n\n<p>Szczeg\u00f3lne podzi\u0119kowania nale\u017c\u0105 si\u0119 Panu <a href=\"https:\/\/www.facebook.com\/mariusz.sieraj?__cft__[0]=AZXw3bEPRPcgyQUTBdRx6ElHoGB-3WkwBTcqb8_Ti0MEnRDzB85-LxI7UiY5DIo0IRshS9Z6uRgmqWP_p_S58_mJUPJZhg56JjN7cZRbsqLmwJ2VEzhTqFsYIriyc1wsfbXxdYf01RQEzl7re1DjX7nw&amp;__tn__=-]K-R\" target=\"_blank\" rel=\"noopener\">Mariusz Sieraj<\/a> za wolontariackie poprowadzenie<\/p>\n\n\n\n<p>ca\u0142ego wydarzenia i stworzenie niezwyk\u0142ej atmosfery!<\/p>\n\n\n<p>[sion_galeria folder=&#8221;sionzawody2025 1\/4&#8243;]<\/p>\n<p>[sion_galeria folder=&#8221;sionzawody2025 2\/4&#8243;]<\/p>\n<p>[sion_galeria folder=&#8221;sionzawody2025 3\/4&#8243;]<\/p>\n<p>[sion_galeria folder=&#8221;sionzawody2025 4\/4&#8243;]<\/p>\n\n\n<p><\/p>\n","protected":false},"excerpt":{"rendered":"<p>30 wrze\u015bnia 2025r., przy Bartoszyckim O\u015brodku Sportu i Rekreacji, odby\u0142y si\u0119 VIII Powiatowe zawody sportowo \u2013 rekreacyjne os\u00f3b niepe\u0142nosprawnych, zorganizowane przez Stowarzyszenie Integracji Os\u00f3b Niepe\u0142nosprawnych SION w Bartoszycach. Zawody dofinansowane by\u0142y ze \u015brodk\u00f3w Warmi\u0144sko \u2013 Mazurskiej Federacji Sportu Os\u00f3b Niepe\u0142nosprawnych z siedzib\u0105 w Olsztynie. W zawodach wzi\u0119li udzia\u0142 reprezentanci plac\u00f3wek z terenu naszego powiatu. Ka\u017cdy [&hellip;]<\/p>\n","protected":false},"author":1,"featured_media":0,"comment_status":"closed","ping_status":"open","sticky":false,"template":"","format":"standard","meta":{"site-sidebar-layout":"default","site-content-layout":"","ast-site-content-layout":"default","site-content-style":"default","site-sidebar-style":"default","ast-global-header-display":"","ast-banner-title-visibility":"","ast-main-header-display":"","ast-hfb-above-header-display":"","ast-hfb-below-header-display":"","ast-hfb-mobile-header-display":"","site-post-title":"","ast-breadcrumbs-content":"","ast-featured-img":"","footer-sml-layout":"","ast-disable-related-posts":"","theme-transparent-header-meta":"","adv-header-id-meta":"","stick-header-meta":"","header-above-stick-meta":"","header-main-stick-meta":"","header-below-stick-meta":"","astra-migrate-meta-layouts":"set","ast-page-background-enabled":"default","ast-page-background-meta":{"desktop":{"background-color":"","background-image":"","background-repeat":"repeat","background-position":"center center","background-size":"auto","background-attachment":"scroll","background-type":"","background-media":"","overlay-type":"","overlay-color":"","overlay-opacity":"","overlay-gradient":""},"tablet":{"background-color":"","background-image":"","background-repeat":"repeat","background-position":"center center","background-size":"auto","background-attachment":"scroll","background-type":"","background-media":"","overlay-type":"","overlay-color":"","overlay-opacity":"","overlay-gradient":""},"mobile":{"background-color":"","background-image":"","background-repeat":"repeat","background-position":"center center","background-size":"auto","background-attachment":"scroll","background-type":"","background-media":"","overlay-type":"","overlay-color":"","overlay-opacity":"","overlay-gradient":""}},"ast-content-background-meta":{"desktop":{"background-color":"var(--ast-global-color-5)","background-image":"","background-repeat":"repeat","background-position":"center center","background-size":"auto","background-attachment":"scroll","background-type":"","background-media":"","overlay-type":"","overlay-color":"","overlay-opacity":"","overlay-gradient":""},"tablet":{"background-color":"var(--ast-global-color-5)","background-image":"","background-repeat":"repeat","background-position":"center center","background-size":"auto","background-attachment":"scroll","background-type":"","background-media":"","overlay-type":"","overlay-color":"","overlay-opacity":"","overlay-gradient":""},"mobile":{"background-color":"var(--ast-global-color-5)","background-image":"","background-repeat":"repeat","background-position":"center center","background-size":"auto","background-attachment":"scroll","background-type":"","background-media":"","overlay-type":"","overlay-color":"","overlay-opacity":"","overlay-gradient":""}},"ngg_post_thumbnail":0,"footnotes":""},"categories":[3],"tags":[238,251],"class_list":["post-23496","post","type-post","status-publish","format-standard","hentry","category-aktualnosci-sion-wtz-bartoszyce","tag-238","tag-pazdziernik"],"_links":{"self":[{"href":"http:\/\/sionbartoszyce.pl\/en\/wp-json\/wp\/v2\/posts\/23496","targetHints":{"allow":["GET"]}}],"collection":[{"href":"http:\/\/sionbartoszyce.pl\/en\/wp-json\/wp\/v2\/posts"}],"about":[{"href":"http:\/\/sionbartoszyce.pl\/en\/wp-json\/wp\/v2\/types\/post"}],"author":[{"embeddable":true,"href":"http:\/\/sionbartoszyce.pl\/en\/wp-json\/wp\/v2\/users\/1"}],"replies":[{"embeddable":true,"href":"http:\/\/sionbartoszyce.pl\/en\/wp-json\/wp\/v2\/comments?post=23496"}],"version-history":[{"count":7,"href":"http:\/\/sionbartoszyce.pl\/en\/wp-json\/wp\/v2\/posts\/23496\/revisions"}],"predecessor-version":[{"id":23506,"href":"http:\/\/sionbartoszyce.pl\/en\/wp-json\/wp\/v2\/posts\/23496\/revisions\/23506"}],"wp:attachment":[{"href":"http:\/\/sionbartoszyce.pl\/en\/wp-json\/wp\/v2\/media?parent=23496"}],"wp:term":[{"taxonomy":"category","embeddable":true,"href":"http:\/\/sionbartoszyce.pl\/en\/wp-json\/wp\/v2\/categories?post=23496"},{"taxonomy":"post_tag","embeddable":true,"href":"http:\/\/sionbartoszyce.pl\/en\/wp-json\/wp\/v2\/tags?post=23496"}],"curies":[{"name":"wp","href":"https:\/\/api.w.org\/{rel}","templated":true}]}}