{"id":23482,"date":"2025-09-24T11:22:07","date_gmt":"2025-09-24T09:22:07","guid":{"rendered":"http:\/\/sionbartoszyce.pl\/?p=23482"},"modified":"2025-09-24T11:22:58","modified_gmt":"2025-09-24T09:22:58","slug":"pamiec-ktora-laczy-pokolenia-czyli-przygotowania-do-uroczystosci-wszystkich-swietych-w-wtz","status":"publish","type":"post","link":"http:\/\/sionbartoszyce.pl\/en\/2025\/09\/24\/pamiec-ktora-laczy-pokolenia-czyli-przygotowania-do-uroczystosci-wszystkich-swietych-w-wtz\/","title":{"rendered":"Pami\u0119\u0107, kt\u00f3ra \u0142\u0105czy pokolenia \u2013 czyli przygotowania do Uroczysto\u015bci Wszystkich \u015awi\u0119tych w WTZ"},"content":{"rendered":"\n<p>W naszym Warsztacie Terapii Zaj\u0119ciowej trwa wyj\u0105tkowy czas przygotowa\u0144 do \u015awi\u0119ta Wszystkich \u015awi\u0119tych. W pracowni artystycznej i krawieckiej powstaj\u0105 pi\u0119kne, r\u0119cznie wykonane wi\u0105zanki, kt\u00f3re wkr\u00f3tce ozdobi\u0105 groby bliskich. Ka\u017cdy kwiat, wst\u0105\u017cka i detal jest dopracowany z ogromnym zaanga\u017cowaniem i sercem.<\/p>\n\n\n\n<p>R\u00f3wnocze\u015bnie w pracowni modelarskiej uczestnicy tworz\u0105 w\u0142asnor\u0119cznie znicze, kt\u00f3re roz\u015bwietl\u0105 jesienne cmentarze i b\u0119d\u0105 symbolem pami\u0119ci o tych, kt\u00f3rzy odeszli. Wsp\u00f3lna praca wype\u0142nia Warsztat spokojem i refleksj\u0105, a jednocze\u015bnie uczy wsp\u00f3\u0142pracy, cierpliwo\u015bci i troski o innych.<\/p>\n\n\n\n<p>To nie tylko przygotowanie do \u015bwi\u0119ta \u2013 to moment, w kt\u00f3rym pami\u0119\u0107 \u0142\u0105czy pokolenia, a ka\u017cdy gest ma znaczenie. W naszych dzia\u0142aniach wida\u0107, \u017ce ma\u0142e rzeczy mog\u0105 nie\u015b\u0107 wielkie emocje i pi\u0119kno.<\/p>\n\n\n\n<hr class=\"wp-block-separator has-alpha-channel-opacity\"\/>\n\n\n\n<p><\/p>\n\n\n<p>[sion_galeria folder=&#8221;wszystkich\u015bwi\u0119tych2025 1\/2&#8243;]<\/p>\n<p>[sion_galeria folder=&#8221;wszystkich\u015bwi\u0119tych2025 2\/2&#8243;]<\/p>","protected":false},"excerpt":{"rendered":"<p>W naszym Warsztacie Terapii Zaj\u0119ciowej trwa wyj\u0105tkowy czas przygotowa\u0144 do \u015awi\u0119ta Wszystkich \u015awi\u0119tych. W pracowni artystycznej i krawieckiej powstaj\u0105 pi\u0119kne, r\u0119cznie wykonane wi\u0105zanki, kt\u00f3re wkr\u00f3tce ozdobi\u0105 groby bliskich. Ka\u017cdy kwiat, wst\u0105\u017cka i detal jest dopracowany z ogromnym zaanga\u017cowaniem i sercem. R\u00f3wnocze\u015bnie w pracowni modelarskiej uczestnicy tworz\u0105 w\u0142asnor\u0119cznie znicze, kt\u00f3re roz\u015bwietl\u0105 jesienne cmentarze i b\u0119d\u0105 symbolem [&hellip;]<\/p>\n","protected":false},"author":1,"featured_media":0,"comment_status":"closed","ping_status":"open","sticky":false,"template":"","format":"standard","meta":{"site-sidebar-layout":"default","site-content-layout":"","ast-site-content-layout":"default","site-content-style":"default","site-sidebar-style":"default","ast-global-header-display":"","ast-banner-title-visibility":"","ast-main-header-display":"","ast-hfb-above-header-display":"","ast-hfb-below-header-display":"","ast-hfb-mobile-header-display":"","site-post-title":"","ast-breadcrumbs-content":"","ast-featured-img":"","footer-sml-layout":"","ast-disable-related-posts":"","theme-transparent-header-meta":"","adv-header-id-meta":"","stick-header-meta":"","header-above-stick-meta":"","header-main-stick-meta":"","header-below-stick-meta":"","astra-migrate-meta-layouts":"set","ast-page-background-enabled":"default","ast-page-background-meta":{"desktop":{"background-color":"","background-image":"","background-repeat":"repeat","background-position":"center center","background-size":"auto","background-attachment":"scroll","background-type":"","background-media":"","overlay-type":"","overlay-color":"","overlay-opacity":"","overlay-gradient":""},"tablet":{"background-color":"","background-image":"","background-repeat":"repeat","background-position":"center center","background-size":"auto","background-attachment":"scroll","background-type":"","background-media":"","overlay-type":"","overlay-color":"","overlay-opacity":"","overlay-gradient":""},"mobile":{"background-color":"","background-image":"","background-repeat":"repeat","background-position":"center center","background-size":"auto","background-attachment":"scroll","background-type":"","background-media":"","overlay-type":"","overlay-color":"","overlay-opacity":"","overlay-gradient":""}},"ast-content-background-meta":{"desktop":{"background-color":"var(--ast-global-color-5)","background-image":"","background-repeat":"repeat","background-position":"center center","background-size":"auto","background-attachment":"scroll","background-type":"","background-media":"","overlay-type":"","overlay-color":"","overlay-opacity":"","overlay-gradient":""},"tablet":{"background-color":"var(--ast-global-color-5)","background-image":"","background-repeat":"repeat","background-position":"center center","background-size":"auto","background-attachment":"scroll","background-type":"","background-media":"","overlay-type":"","overlay-color":"","overlay-opacity":"","overlay-gradient":""},"mobile":{"background-color":"var(--ast-global-color-5)","background-image":"","background-repeat":"repeat","background-position":"center center","background-size":"auto","background-attachment":"scroll","background-type":"","background-media":"","overlay-type":"","overlay-color":"","overlay-opacity":"","overlay-gradient":""}},"ngg_post_thumbnail":0,"footnotes":""},"categories":[3],"tags":[238,239],"class_list":["post-23482","post","type-post","status-publish","format-standard","hentry","category-aktualnosci-sion-wtz-bartoszyce","tag-238","tag-wrzesien"],"_links":{"self":[{"href":"http:\/\/sionbartoszyce.pl\/en\/wp-json\/wp\/v2\/posts\/23482","targetHints":{"allow":["GET"]}}],"collection":[{"href":"http:\/\/sionbartoszyce.pl\/en\/wp-json\/wp\/v2\/posts"}],"about":[{"href":"http:\/\/sionbartoszyce.pl\/en\/wp-json\/wp\/v2\/types\/post"}],"author":[{"embeddable":true,"href":"http:\/\/sionbartoszyce.pl\/en\/wp-json\/wp\/v2\/users\/1"}],"replies":[{"embeddable":true,"href":"http:\/\/sionbartoszyce.pl\/en\/wp-json\/wp\/v2\/comments?post=23482"}],"version-history":[{"count":3,"href":"http:\/\/sionbartoszyce.pl\/en\/wp-json\/wp\/v2\/posts\/23482\/revisions"}],"predecessor-version":[{"id":23485,"href":"http:\/\/sionbartoszyce.pl\/en\/wp-json\/wp\/v2\/posts\/23482\/revisions\/23485"}],"wp:attachment":[{"href":"http:\/\/sionbartoszyce.pl\/en\/wp-json\/wp\/v2\/media?parent=23482"}],"wp:term":[{"taxonomy":"category","embeddable":true,"href":"http:\/\/sionbartoszyce.pl\/en\/wp-json\/wp\/v2\/categories?post=23482"},{"taxonomy":"post_tag","embeddable":true,"href":"http:\/\/sionbartoszyce.pl\/en\/wp-json\/wp\/v2\/tags?post=23482"}],"curies":[{"name":"wp","href":"https:\/\/api.w.org\/{rel}","templated":true}]}}