{"id":23471,"date":"2025-09-17T13:50:59","date_gmt":"2025-09-17T11:50:59","guid":{"rendered":"http:\/\/sionbartoszyce.pl\/?p=23471"},"modified":"2025-09-17T13:54:12","modified_gmt":"2025-09-17T11:54:12","slug":"teatr-ktory-laczy-czyli-xviii-integracyjne-warsztaty-teatralne-oczami-uczestnikow-wtz","status":"publish","type":"post","link":"http:\/\/sionbartoszyce.pl\/en\/2025\/09\/17\/teatr-ktory-laczy-czyli-xviii-integracyjne-warsztaty-teatralne-oczami-uczestnikow-wtz\/","title":{"rendered":"Teatr, kt\u00f3ry \u0142\u0105czy &#8211; czyli &#8222;XVIII Integracyjne Warsztaty Teatralne&#8221; oczami uczestnik\u00f3w WTZ"},"content":{"rendered":"\n<p>Uczestnicy Warsztat\u00f3w Terapii Zaj\u0119ciowej wzi\u0119li udzia\u0142 w premierze spektaklu pt. &#8222;7 Uczu\u0107&#8221; przygotowanego podczas &#8222;XVIII Integracyjnych Warsztat\u00f3w Teatralnych&#8221; organizowanych w ramach partnerskiego projektu pn. XXVII Bartoszyckie Spotkania Artystyczne Os\u00f3b Niesamodzielnych.<\/p>\n\n\n\n<p>Dzi\u0119kujemy za zaproszenie <a href=\"http:\/\/www.mopsbartoszyce.pl\/strona-3599-kontakt.html\" data-type=\"link\" data-id=\"http:\/\/www.mopsbartoszyce.pl\/strona-3599-kontakt.html\" target=\"_blank\" rel=\"noopener\">Miejskiemu O\u015brodkowi Pomocy Spo\u0142ecznej w Bartoszycach<\/a> oraz <a href=\"https:\/\/www.facebook.com\/sds.bce?__cft__[0]=AZXk7YiA389eXIYmWeV8uZOYDwTEivZdzXE4GeRCM31dBJIMGFyMgv1c9PotDKiOY3S-AwfBC48KhRqrmaoW4TUXfhBj2SKnzmWduiETuNUw1SEpCAMMjBKKkXGthP15NAKAL5qwtBCgpC1UGlsBPOWuzUalTMDXR2yJHiqz0Qtzgg&amp;__tn__=-]K-R\" target=\"_blank\" rel=\"noopener\">\u015arodowiskowy Dom Samopomocy w Bartoszycach<\/a><\/p>\n\n\n\n<p><\/p>\n\n\n[sion_galeria folder=&#8221;teatrkolejnykurwateatr2025&#8243;]","protected":false},"excerpt":{"rendered":"<p>Uczestnicy Warsztat\u00f3w Terapii Zaj\u0119ciowej wzi\u0119li udzia\u0142 w premierze spektaklu pt. &#8222;7 Uczu\u0107&#8221; przygotowanego podczas &#8222;XVIII Integracyjnych Warsztat\u00f3w Teatralnych&#8221; organizowanych w ramach partnerskiego projektu pn. XXVII Bartoszyckie Spotkania Artystyczne Os\u00f3b Niesamodzielnych. Dzi\u0119kujemy za zaproszenie Miejskiemu O\u015brodkowi Pomocy Spo\u0142ecznej w Bartoszycach oraz \u015arodowiskowy Dom Samopomocy w Bartoszycach [sion_galeria folder=&#8221;teatrkolejnykurwateatr2025&#8243;]<\/p>\n","protected":false},"author":1,"featured_media":0,"comment_status":"closed","ping_status":"open","sticky":false,"template":"","format":"standard","meta":{"site-sidebar-layout":"default","site-content-layout":"","ast-site-content-layout":"default","site-content-style":"default","site-sidebar-style":"default","ast-global-header-display":"","ast-banner-title-visibility":"","ast-main-header-display":"","ast-hfb-above-header-display":"","ast-hfb-below-header-display":"","ast-hfb-mobile-header-display":"","site-post-title":"","ast-breadcrumbs-content":"","ast-featured-img":"","footer-sml-layout":"","ast-disable-related-posts":"","theme-transparent-header-meta":"","adv-header-id-meta":"","stick-header-meta":"","header-above-stick-meta":"","header-main-stick-meta":"","header-below-stick-meta":"","astra-migrate-meta-layouts":"set","ast-page-background-enabled":"default","ast-page-background-meta":{"desktop":{"background-color":"","background-image":"","background-repeat":"repeat","background-position":"center center","background-size":"auto","background-attachment":"scroll","background-type":"","background-media":"","overlay-type":"","overlay-color":"","overlay-opacity":"","overlay-gradient":""},"tablet":{"background-color":"","background-image":"","background-repeat":"repeat","background-position":"center center","background-size":"auto","background-attachment":"scroll","background-type":"","background-media":"","overlay-type":"","overlay-color":"","overlay-opacity":"","overlay-gradient":""},"mobile":{"background-color":"","background-image":"","background-repeat":"repeat","background-position":"center center","background-size":"auto","background-attachment":"scroll","background-type":"","background-media":"","overlay-type":"","overlay-color":"","overlay-opacity":"","overlay-gradient":""}},"ast-content-background-meta":{"desktop":{"background-color":"var(--ast-global-color-5)","background-image":"","background-repeat":"repeat","background-position":"center center","background-size":"auto","background-attachment":"scroll","background-type":"","background-media":"","overlay-type":"","overlay-color":"","overlay-opacity":"","overlay-gradient":""},"tablet":{"background-color":"var(--ast-global-color-5)","background-image":"","background-repeat":"repeat","background-position":"center center","background-size":"auto","background-attachment":"scroll","background-type":"","background-media":"","overlay-type":"","overlay-color":"","overlay-opacity":"","overlay-gradient":""},"mobile":{"background-color":"var(--ast-global-color-5)","background-image":"","background-repeat":"repeat","background-position":"center center","background-size":"auto","background-attachment":"scroll","background-type":"","background-media":"","overlay-type":"","overlay-color":"","overlay-opacity":"","overlay-gradient":""}},"ngg_post_thumbnail":0,"footnotes":""},"categories":[3],"tags":[238,239],"class_list":["post-23471","post","type-post","status-publish","format-standard","hentry","category-aktualnosci-sion-wtz-bartoszyce","tag-238","tag-wrzesien"],"_links":{"self":[{"href":"http:\/\/sionbartoszyce.pl\/en\/wp-json\/wp\/v2\/posts\/23471","targetHints":{"allow":["GET"]}}],"collection":[{"href":"http:\/\/sionbartoszyce.pl\/en\/wp-json\/wp\/v2\/posts"}],"about":[{"href":"http:\/\/sionbartoszyce.pl\/en\/wp-json\/wp\/v2\/types\/post"}],"author":[{"embeddable":true,"href":"http:\/\/sionbartoszyce.pl\/en\/wp-json\/wp\/v2\/users\/1"}],"replies":[{"embeddable":true,"href":"http:\/\/sionbartoszyce.pl\/en\/wp-json\/wp\/v2\/comments?post=23471"}],"version-history":[{"count":3,"href":"http:\/\/sionbartoszyce.pl\/en\/wp-json\/wp\/v2\/posts\/23471\/revisions"}],"predecessor-version":[{"id":23474,"href":"http:\/\/sionbartoszyce.pl\/en\/wp-json\/wp\/v2\/posts\/23471\/revisions\/23474"}],"wp:attachment":[{"href":"http:\/\/sionbartoszyce.pl\/en\/wp-json\/wp\/v2\/media?parent=23471"}],"wp:term":[{"taxonomy":"category","embeddable":true,"href":"http:\/\/sionbartoszyce.pl\/en\/wp-json\/wp\/v2\/categories?post=23471"},{"taxonomy":"post_tag","embeddable":true,"href":"http:\/\/sionbartoszyce.pl\/en\/wp-json\/wp\/v2\/tags?post=23471"}],"curies":[{"name":"wp","href":"https:\/\/api.w.org\/{rel}","templated":true}]}}