{"id":23269,"date":"2025-08-07T13:35:37","date_gmt":"2025-08-07T11:35:37","guid":{"rendered":"http:\/\/sionbartoszyce.pl\/?p=23269"},"modified":"2026-04-10T13:41:26","modified_gmt":"2026-04-10T11:41:26","slug":"terapia-edukacja-dzialanie","status":"publish","type":"post","link":"http:\/\/sionbartoszyce.pl\/en\/2025\/08\/07\/terapia-edukacja-dzialanie\/","title":{"rendered":"\u201eTERAPIA, EDUKACJA, DZIA\u0141ANIE!&#8221;"},"content":{"rendered":"\n<p>Umowa o wsparcie realizacji zadania publicznego pod nazw\u0105 \u201e Kompleksowe wsparcie<br>dla os\u00f3b i rodzin w trudnej sytuacji \u017cyciowej, w tym dotkni\u0119tych dysfunkcj\u0105 i kryzysem \u2013<br>edycja 2025\u201d<br>nr Umowy: PS-VII.946.4.16.2025.KW<br>Data i miejsce zawarcia umowy:&nbsp;16-06-2025 r. w Olsztynie<\/p>\n\n\n\n<p>Tytu\u0142 projektu:&nbsp;\u201eTERAPIA, EDUKACJA, DZIA\u0141ANIE !\u201d<br>Termin realizacji zadania:&nbsp;od 1.06.2025 r. do 31.12.2025r.<\/p>\n\n\n\n<p>Suma wszystkich koszt\u00f3w realizacji zadania:&nbsp;20&nbsp;900,00 z\u0142<\/p>\n\n\n\n<p>Dotacja :&nbsp;18&nbsp;600,00 z\u0142<br>Wk\u0142ad w\u0142asny finansowy: 1300,00 z\u0142<br>Wk\u0142ad w\u0142asny niefinansowy (osobowy i rzeczowy): 1000,00 z\u0142<br>FORMY WSPARCIA:<br>Dzia\u0142anie1)<br>D\u017awi\u0119ko- i muzyko-terapia &#8211; zaj\u0119cia grupowe<br>Dzia\u0142anie 2)<br>Masa\u017c \u2013 indywidualne zaj\u0119cia relaksacyjne<br>Dzia\u0142anie 3)<br>Tematyczne grupowe warsztaty edukacyjno \u2013 terapeutyczne \u201eLawendowa kraina<br>Stowarzyszenie Integracji Os\u00f3b Niepe\u0142nosprawnych SION w Bartoszycach<br>Adres:&nbsp;ul. Bema 51a, 11-200 Bartoszyce<br>Tel:&nbsp;89 764 04 77, 89 721 73 36<br>E mail:&nbsp;sionbartoszyce@wp.pl<\/p>\n\n\n<p>[sion_galeria folder=&#8221;TERAPIA, EDUKACJA, DZIA\u0141ANIE!&#8221;]<\/p>\n\n\n<hr class=\"wp-block-separator has-alpha-channel-opacity\"\/>\n\n\n\n<h2 class=\"wp-block-heading\">,,D\u017awi\u0119ki, kt\u00f3re lecz\u0105 dusz\u0119&#8221;<\/h2>\n\n\n\n<p>Grupa os\u00f3b z niepe\u0142nosprawno\u015bci\u0105 mia\u0142a okazj\u0119 wzi\u0105\u0107 udzia\u0142 w wyj\u0105tkowych zaj\u0119ciach d\u017awi\u0119ko- i muzykoterapii, realizowanych w ramach projektu \u201eTERAPIA, EDUKACJA, DZIA\u0141ANIE!\u201d.<\/p>\n\n\n\n<p>Podczas spotkania uczestnicy zanurzyli si\u0119 w \u015bwiat d\u017awi\u0119k\u00f3w, rytm\u00f3w i melodii. Poprzez wsp\u00f3lne granie na instrumentach, s\u0142uchanie muzyki relaksacyjnej oraz prac\u0119 z d\u017awi\u0119kami natury mogli do\u015bwiadczy\u0107, jak wielk\u0105 moc ma muzyka \u2013 zar\u00f3wno w uspokajaniu emocji, jak i w pobudzaniu energii oraz kreatywno\u015bci.<\/p>\n\n\n\n<p>Muzykoterapia to nie tylko przyjemno\u015b\u0107, ale te\u017c skuteczna forma terapii wspieraj\u0105ca rozw\u00f3j emocjonalny, spo\u0142eczny i komunikacyjny. D\u017awi\u0119ki pomagaj\u0105 w redukcji stresu, poprawiaj\u0105 koncentracj\u0119 i nastr\u00f3j, a tak\u017ce sprzyjaj\u0105 integracji grupy.<\/p>\n\n\n\n<p>Zaj\u0119cia przynios\u0142y uczestnikom wiele rado\u015bci i relaksu \u2013 a ich twarze po zako\u0144czeniu terapii m\u00f3wi\u0142y wi\u0119cej ni\u017c tysi\u0105c s\u0142\u00f3w.<\/p>\n\n\n\n<p>Zadanie dofinansowane ze \u015brodk\u00f3w <a href=\"https:\/\/www.facebook.com\/WM.UW.Olsztyn?__cft__[0]=AZZ6Mx9_M1as7yQR58j7kFfUqIxi85eIK7M1qZbmtDzvQUaIGhjTSKK4rl3qeDqXFqD1HCz9BsOw1FtxTZ97VRT_aNJIbWMpyI14AT23ouiG3Fsro4uCV6_QvjBsPDRHROGmhOg9PVSLHKq01D94gn5Ju40zA6SmH3SCet-T8fI8XuaK9sm9Q3JnWQ39v25zFck&amp;__tn__=-]K-R\" target=\"_blank\" rel=\"noopener\">Warmi\u0144sko-Mazurski Urz\u0105d Wojew\u00f3dzki w Olsztynie<\/a> w ramach konkursu ofert og\u0142oszonego przez <a href=\"https:\/\/www.facebook.com\/radoslawkrolpsl?__cft__[0]=AZZ6Mx9_M1as7yQR58j7kFfUqIxi85eIK7M1qZbmtDzvQUaIGhjTSKK4rl3qeDqXFqD1HCz9BsOw1FtxTZ97VRT_aNJIbWMpyI14AT23ouiG3Fsro4uCV6_QvjBsPDRHROGmhOg9PVSLHKq01D94gn5Ju40zA6SmH3SCet-T8fI8XuaK9sm9Q3JnWQ39v25zFck&amp;__tn__=-]K-R\" target=\"_blank\" rel=\"noopener\">Rados\u0142aw Kr\u00f3l Wojewoda Warmi\u0144sko-Mazurski<\/a> dla podmiot\u00f3w uprawnionych dzia\u0142aj\u0105cych w obszarze pomocy i integracji spo\u0142ecznej na realizacj\u0119 zada\u0144 publicznych w 2025 roku.<\/p>\n\n\n<p>[sion_galeria folder=&#8221;dzwienk&#8221;]<\/p>\n\n\n\n<hr class=\"wp-block-separator has-alpha-channel-opacity\"\/>\n\n\n\n<h2 class=\"wp-block-heading\">,,Lawendowa kraina&#8221;<\/h2>\n\n\n\n<p>Stowarzyszenie Integracji Os\u00f3b Niepe\u0142nosprawnych SION w Bartoszycach niedawno podpisa\u0142o umow\u0119 z Wojewod\u0105 Warmi\u0144sko \u2013 Mazurskim <a href=\"https:\/\/www.facebook.com\/radoslawkrolpsl?__cft__[0]=AZYoWw6lzTT5fykMbNQMxgbct5F9V_J96Vxj6nLwp48W3TOoNbFJl11Q3C-S1p6GvGOsEGNbwiCwoEOPPukXClrxiLQ7Y2ZZzDUepj5FDKrIQmRH_EC54z9k978r6PAfjWWmhD5Qx8DdDhqUk-dYkQwCIjFLv4xDRjx7aLO2XhgHMQ&amp;__tn__=-]K-R\" target=\"_blank\" rel=\"noopener\">Rados\u0142aw Kr\u00f3l Wojewoda Warmi\u0144sko-Mazurski<\/a> na realizacj\u0119 projektu pn. \u201e Terapia, edukacja, dzia\u0142anie ! Projekt ju\u017c jest realizowany.<\/p>\n\n\n\n<p>Zapraszamy na fotorelacj\u0119 jednego z dzia\u0142a\u0144 projektu: Tematycznych grupowych warsztat\u00f3w edukacyjno \u2013 terapeutycznych \u201e Lawendowa kraina\u201d.<\/p>\n\n\n\n<p>Niebawem przejdziemy do kolejnych dzia\u0142a\u0144 projektu. B\u0119dzie ciekawie ! <a href=\"https:\/\/www.facebook.com\/WM.UW.Olsztyn?__cft__[0]=AZYoWw6lzTT5fykMbNQMxgbct5F9V_J96Vxj6nLwp48W3TOoNbFJl11Q3C-S1p6GvGOsEGNbwiCwoEOPPukXClrxiLQ7Y2ZZzDUepj5FDKrIQmRH_EC54z9k978r6PAfjWWmhD5Qx8DdDhqUk-dYkQwCIjFLv4xDRjx7aLO2XhgHMQ&amp;__tn__=-]K-R\" target=\"_blank\" rel=\"noopener\">Warmi\u0144sko-Mazurski Urz\u0105d Wojew\u00f3dzki w Olsztynie<\/a>.<\/p>\n\n\n<p>[sion_galeria folder=&#8221;gril&#8221;]<\/p>\n\n\n\n<hr class=\"wp-block-separator has-alpha-channel-opacity\"\/>\n\n\n\n<p>Projekt \u201eTERAPIA, EDUKACJA, DZIA\u0141ANIE!\u201d by\u0142 realizowany ze \u015brodk\u00f3w <a href=\"https:\/\/www.gov.pl\/web\/uw-warminsko-mazurski\" data-type=\"link\" data-id=\"https:\/\/pl.wikipedia.org\/wiki\/Wojew%C3%B3dztwo_warmi%C5%84sko-mazurskie\" target=\"_blank\" rel=\"noopener\"><\/a><a href=\"https:\/\/www.gov.pl\/web\/uw-warminsko-mazurski\" target=\"_blank\" rel=\"noopener\">Warmi\u0144sko-Mazurski Urz\u0105d Wojew\u00f3dzki w Olsztynie<\/a>.<\/p>\n\n\n\n<figure class=\"wp-block-image size-large is-resized\"><img data-dominant-color=\"000000\" data-has-transparency=\"true\" loading=\"lazy\" decoding=\"async\" width=\"1024\" height=\"768\" src=\"http:\/\/sionbartoszyce.pl\/wp-content\/uploads\/2025\/08\/Logotyp_-_Warminsko-Mazurski_Urzad_Wojewodzki_w_Olsztynie_pion1-1024x768.png\" alt=\"\" class=\"wp-image-24554 has-transparency\" style=\"--dominant-color: #000000; width:821px;height:auto\" srcset=\"http:\/\/sionbartoszyce.pl\/wp-content\/uploads\/2025\/08\/Logotyp_-_Warminsko-Mazurski_Urzad_Wojewodzki_w_Olsztynie_pion1-1024x768.png 1024w, http:\/\/sionbartoszyce.pl\/wp-content\/uploads\/2025\/08\/Logotyp_-_Warminsko-Mazurski_Urzad_Wojewodzki_w_Olsztynie_pion1-300x225.png 300w, http:\/\/sionbartoszyce.pl\/wp-content\/uploads\/2025\/08\/Logotyp_-_Warminsko-Mazurski_Urzad_Wojewodzki_w_Olsztynie_pion1-768x576.png 768w, http:\/\/sionbartoszyce.pl\/wp-content\/uploads\/2025\/08\/Logotyp_-_Warminsko-Mazurski_Urzad_Wojewodzki_w_Olsztynie_pion1-1536x1152.png 1536w, http:\/\/sionbartoszyce.pl\/wp-content\/uploads\/2025\/08\/Logotyp_-_Warminsko-Mazurski_Urzad_Wojewodzki_w_Olsztynie_pion1-2048x1536.png 2048w, http:\/\/sionbartoszyce.pl\/wp-content\/uploads\/2025\/08\/Logotyp_-_Warminsko-Mazurski_Urzad_Wojewodzki_w_Olsztynie_pion1-16x12.png 16w\" sizes=\"auto, (max-width: 1024px) 100vw, 1024px\" \/><\/figure>\n","protected":false},"excerpt":{"rendered":"<p>Umowa o wsparcie realizacji zadania publicznego pod nazw\u0105 \u201e Kompleksowe wsparciedla os\u00f3b i rodzin w trudnej sytuacji \u017cyciowej, w tym dotkni\u0119tych dysfunkcj\u0105 i kryzysem \u2013edycja 2025\u201dnr Umowy: PS-VII.946.4.16.2025.KWData i miejsce zawarcia umowy:&nbsp;16-06-2025 r. w Olsztynie Tytu\u0142 projektu:&nbsp;\u201eTERAPIA, EDUKACJA, DZIA\u0141ANIE !\u201dTermin realizacji zadania:&nbsp;od 1.06.2025 r. do 31.12.2025r. Suma wszystkich koszt\u00f3w realizacji zadania:&nbsp;20&nbsp;900,00 z\u0142 Dotacja :&nbsp;18&nbsp;600,00 z\u0142Wk\u0142ad [&hellip;]<\/p>\n","protected":false},"author":1,"featured_media":0,"comment_status":"closed","ping_status":"open","sticky":false,"template":"","format":"standard","meta":{"site-sidebar-layout":"default","site-content-layout":"","ast-site-content-layout":"default","site-content-style":"default","site-sidebar-style":"default","ast-global-header-display":"","ast-banner-title-visibility":"","ast-main-header-display":"","ast-hfb-above-header-display":"","ast-hfb-below-header-display":"","ast-hfb-mobile-header-display":"","site-post-title":"","ast-breadcrumbs-content":"","ast-featured-img":"","footer-sml-layout":"","ast-disable-related-posts":"","theme-transparent-header-meta":"","adv-header-id-meta":"","stick-header-meta":"","header-above-stick-meta":"","header-main-stick-meta":"","header-below-stick-meta":"","astra-migrate-meta-layouts":"set","ast-page-background-enabled":"default","ast-page-background-meta":{"desktop":{"background-color":"","background-image":"","background-repeat":"repeat","background-position":"center center","background-size":"auto","background-attachment":"scroll","background-type":"","background-media":"","overlay-type":"","overlay-color":"","overlay-opacity":"","overlay-gradient":""},"tablet":{"background-color":"","background-image":"","background-repeat":"repeat","background-position":"center center","background-size":"auto","background-attachment":"scroll","background-type":"","background-media":"","overlay-type":"","overlay-color":"","overlay-opacity":"","overlay-gradient":""},"mobile":{"background-color":"","background-image":"","background-repeat":"repeat","background-position":"center center","background-size":"auto","background-attachment":"scroll","background-type":"","background-media":"","overlay-type":"","overlay-color":"","overlay-opacity":"","overlay-gradient":""}},"ast-content-background-meta":{"desktop":{"background-color":"var(--ast-global-color-5)","background-image":"","background-repeat":"repeat","background-position":"center center","background-size":"auto","background-attachment":"scroll","background-type":"","background-media":"","overlay-type":"","overlay-color":"","overlay-opacity":"","overlay-gradient":""},"tablet":{"background-color":"var(--ast-global-color-5)","background-image":"","background-repeat":"repeat","background-position":"center center","background-size":"auto","background-attachment":"scroll","background-type":"","background-media":"","overlay-type":"","overlay-color":"","overlay-opacity":"","overlay-gradient":""},"mobile":{"background-color":"var(--ast-global-color-5)","background-image":"","background-repeat":"repeat","background-position":"center center","background-size":"auto","background-attachment":"scroll","background-type":"","background-media":"","overlay-type":"","overlay-color":"","overlay-opacity":"","overlay-gradient":""}},"ngg_post_thumbnail":0,"footnotes":""},"categories":[3],"tags":[238,236,240],"class_list":["post-23269","post","type-post","status-publish","format-standard","hentry","category-aktualnosci-sion-wtz-bartoszyce","tag-238","tag-projekty","tag-sierpien"],"_links":{"self":[{"href":"http:\/\/sionbartoszyce.pl\/en\/wp-json\/wp\/v2\/posts\/23269","targetHints":{"allow":["GET"]}}],"collection":[{"href":"http:\/\/sionbartoszyce.pl\/en\/wp-json\/wp\/v2\/posts"}],"about":[{"href":"http:\/\/sionbartoszyce.pl\/en\/wp-json\/wp\/v2\/types\/post"}],"author":[{"embeddable":true,"href":"http:\/\/sionbartoszyce.pl\/en\/wp-json\/wp\/v2\/users\/1"}],"replies":[{"embeddable":true,"href":"http:\/\/sionbartoszyce.pl\/en\/wp-json\/wp\/v2\/comments?post=23269"}],"version-history":[{"count":13,"href":"http:\/\/sionbartoszyce.pl\/en\/wp-json\/wp\/v2\/posts\/23269\/revisions"}],"predecessor-version":[{"id":24555,"href":"http:\/\/sionbartoszyce.pl\/en\/wp-json\/wp\/v2\/posts\/23269\/revisions\/24555"}],"wp:attachment":[{"href":"http:\/\/sionbartoszyce.pl\/en\/wp-json\/wp\/v2\/media?parent=23269"}],"wp:term":[{"taxonomy":"category","embeddable":true,"href":"http:\/\/sionbartoszyce.pl\/en\/wp-json\/wp\/v2\/categories?post=23269"},{"taxonomy":"post_tag","embeddable":true,"href":"http:\/\/sionbartoszyce.pl\/en\/wp-json\/wp\/v2\/tags?post=23269"}],"curies":[{"name":"wp","href":"https:\/\/api.w.org\/{rel}","templated":true}]}}