{"id":17996,"date":"2022-06-17T11:47:26","date_gmt":"2022-06-17T09:47:26","guid":{"rendered":"http:\/\/sionbartoszyce.pl\/?p=17996"},"modified":"2022-06-17T11:47:26","modified_gmt":"2022-06-17T09:47:26","slug":"v-powiatowe-zawody-sportowo-rekreacyjne-dla-osob-niepelnosprawnych-pod-haslem-zdrowo-i-sportowo","status":"publish","type":"post","link":"http:\/\/sionbartoszyce.pl\/en\/2022\/06\/17\/v-powiatowe-zawody-sportowo-rekreacyjne-dla-osob-niepelnosprawnych-pod-haslem-zdrowo-i-sportowo\/","title":{"rendered":"V Powiatowe zawody sportowo \u2013 rekreacyjne dla os\u00f3b niepe\u0142nosprawnych pod has\u0142em \u201eZdrowo i sportowo\u201d"},"content":{"rendered":"<p><strong><br><\/strong><em>15 czerwca 2022r., na p\u0142ycie lodowiska przy Bartoszyckim O\u015brodku Sportu i Rekreacji w Bartoszycach, odby\u0142y si\u0119 <strong>V Powiatowe zawody sportowo \u2013 rekreacyjne dla os\u00f3b niepe\u0142nosprawnych<\/strong> pod has\u0142em <strong>\u201eZdrowo i sportowo\u201d,<\/strong> zorganizowane przez Stowarzyszenie Integracji Os\u00f3b Niepe\u0142nosprawnych SION w Bartoszycach.<\/em><\/p>\n\n\n\n<p><em>Zawody wsp\u00f3\u0142finansowane by\u0142y ze \u015brodk\u00f3w Pa\u0144stwowego Funduszu Rehabilitacji Os\u00f3b Niepe\u0142nosprawnych za po\u015brednictwem Powiatowego Centrum Pomocy Rodzinie w Bartoszycach.<\/em><\/p>\n\n\n\n<p><em>W zawodach wzi\u0119li udzia\u0142 reprezentanci plac\u00f3wek z terenu powiatu bartoszyckiego:<br><br>\u2013<strong> Warsztat\u00f3w Terapii Zaj\u0119ciowej przy Stowarzyszeniu na Rzecz Os\u00f3b Niepe\u0142nosprawnych i Profilaktyki Zdrowia \u201eJeste\u015bmy Razem\u201d w G\u00f3rowie I\u0142aweckim,<br>\u2013 Domu Pomocy Spo\u0142ecznej w Kami\u0144sku,<br>&#8211; Szko\u0142y Podstawowej nr 3 w Bartoszycach,<br>\u2013 \u015arodowiskowego Domu Samopomocy w Bartoszycach,<br>\u2013 Zak\u0142adu Aktywno\u015bci Zawodowej przy Stowarzyszeniu Integracji Os\u00f3b Niepe\u0142nosprawnych SION w Bartoszycach,<br>\u2013 Warsztat\u00f3w Terapii Zaj\u0119ciowej\u00a0przy Stowarzyszeniu Integracji Os\u00f3b Niepe\u0142nosprawnych SION w Bartoszycach.<\/strong><\/em><\/p>\n\n\n\n<p><em>Ka\u017cdy o\u015brodek wystawi\u0142 po 5 niepe\u0142nosprawnych zawodnik\u00f3w, kt\u00f3rzy rywalizowali<br>w nast\u0119puj\u0105cych konkurencjach:<\/em><\/p>\n\n\n\n<p>&#8211; <em>Bieg slalomem z pi\u0142k\u0105 lekarsk\u0105<\/em><br><em>&#8211; Rzut telefonem do tarczy<\/em><br><em>&#8211; Bieg z hula hop<\/em><br><em>&#8211; Slalom z woreczkiem na paletce<\/em><br><em>&#8211; Paj\u0105czek<\/em><br><em>&#8211; Bieg warzywno &#8211; owocowy<\/em><br><em>&#8211; Wy\u015bcig na nartach\u00a0\u00a0<\/em><\/p>\n\n\n\n<p><em>Komisja s\u0119dziowska wy\u0142oni\u0142a I,II,III miejsca, dla plac\u00f3wek<br>z najwy\u017csz\u0105 ilo\u015bci\u0105 punkt\u00f3w zebranych w poszczeg\u00f3lnych konkurencjach, i tak:<\/em><\/p>\n\n\n\n<p><em><strong>I miejsce<\/strong> \u2013 Zak\u0142ad Aktywno\u015bci Zawodowej przy Stowarzyszeniu Integracji Os\u00f3b Niepe\u0142nosprawnych SION w Bartoszycach,<\/em><\/p>\n\n\n\n<p><em><strong>II miejsce<\/strong> \u2013 Szko\u0142a podstawowa nr 3 w Bartoszycach,<\/em><\/p>\n\n\n\n<p><em><strong>III miejsce<\/strong> &#8211; \u015arodowiskowy Dom Samopomocy w Bartoszycach,<\/em><\/p>\n\n\n\n<p><em><strong>IV miejsce<\/strong> \u2013 Warsztaty Terapii Zaj\u0119ciowej przy Stowarzyszeniu na Rzecz Os\u00f3b Niepe\u0142nosprawnych i Profilaktyki Zdrowia \u201eJeste\u015bmy Razem\u201d w G\u00f3rowie I\u0142aweckim<\/em><\/p>\n\n\n\n<p><em><strong>V miejsce<\/strong> \u2013 Dom Pomocy Spo\u0142ecznej w Kami\u0144sku,<\/em><\/p>\n\n\n\n<p><em><strong>VI miejsce <\/strong>\u2013 Warsztaty Terapii Zaj\u0119ciowej\u00a0przy Stowarzyszeniu Integracji Os\u00f3b Niepe\u0142nosprawnych SION w Bartoszycach<\/em><\/p>\n\n\n\n<p><em>Zawodnikom przyznano ciekawe nagrody rzeczowe oraz puchary i dyplomy. Wszyscy uczestnicy otrzymali upominki za uczestnictwo w zawodach. Na koniec zawod\u00f3w wszyscy wsp\u00f3lnie grillowali.\u00a0\u00a0\u0141\u0105cznie w zawodach wzi\u0119\u0142o udzia\u0142 oko\u0142o 70 os\u00f3b z terenu powiatu bartoszyckiego.Zawody sportowo &#8211; rekreacyjne, skupi\u0142y \u015brodowisko os\u00f3b z niepe\u0142no sprawno\u015bciami. Walka toczy\u0142a si\u0119 o zwyci\u0119stwo, ale nie mniejsze znaczenie mia\u0142a integracja i dobra zabawa.<\/em><\/p>\n\n\n\nngg_shortcode_0_placeholder\n\n\n\n<p><br><\/p>\n\n\n\n<p><br><\/p>","protected":false},"excerpt":{"rendered":"<p>15 czerwca 2022r., na p\u0142ycie lodowiska przy Bartoszyckim O\u015brodku Sportu i Rekreacji w Bartoszycach, odby\u0142y si\u0119 V Powiatowe zawody sportowo \u2013 rekreacyjne dla os\u00f3b niepe\u0142nosprawnych pod has\u0142em \u201eZdrowo i sportowo\u201d, zorganizowane przez Stowarzyszenie Integracji Os\u00f3b Niepe\u0142nosprawnych SION w Bartoszycach. Zawody wsp\u00f3\u0142finansowane by\u0142y ze \u015brodk\u00f3w Pa\u0144stwowego Funduszu Rehabilitacji Os\u00f3b Niepe\u0142nosprawnych za po\u015brednictwem Powiatowego Centrum Pomocy Rodzinie [&hellip;]<\/p>\n","protected":false},"author":1,"featured_media":0,"comment_status":"closed","ping_status":"open","sticky":false,"template":"","format":"standard","meta":{"site-sidebar-layout":"default","site-content-layout":"","ast-site-content-layout":"default","site-content-style":"default","site-sidebar-style":"default","ast-global-header-display":"","ast-banner-title-visibility":"","ast-main-header-display":"","ast-hfb-above-header-display":"","ast-hfb-below-header-display":"","ast-hfb-mobile-header-display":"","site-post-title":"","ast-breadcrumbs-content":"","ast-featured-img":"","footer-sml-layout":"","ast-disable-related-posts":"","theme-transparent-header-meta":"","adv-header-id-meta":"","stick-header-meta":"","header-above-stick-meta":"","header-main-stick-meta":"","header-below-stick-meta":"","astra-migrate-meta-layouts":"default","ast-page-background-enabled":"default","ast-page-background-meta":{"desktop":{"background-color":"","background-image":"","background-repeat":"repeat","background-position":"center center","background-size":"auto","background-attachment":"scroll","background-type":"","background-media":"","overlay-type":"","overlay-color":"","overlay-opacity":"","overlay-gradient":""},"tablet":{"background-color":"","background-image":"","background-repeat":"repeat","background-position":"center center","background-size":"auto","background-attachment":"scroll","background-type":"","background-media":"","overlay-type":"","overlay-color":"","overlay-opacity":"","overlay-gradient":""},"mobile":{"background-color":"","background-image":"","background-repeat":"repeat","background-position":"center center","background-size":"auto","background-attachment":"scroll","background-type":"","background-media":"","overlay-type":"","overlay-color":"","overlay-opacity":"","overlay-gradient":""}},"ast-content-background-meta":{"desktop":{"background-color":"var(--ast-global-color-5)","background-image":"","background-repeat":"repeat","background-position":"center center","background-size":"auto","background-attachment":"scroll","background-type":"","background-media":"","overlay-type":"","overlay-color":"","overlay-opacity":"","overlay-gradient":""},"tablet":{"background-color":"var(--ast-global-color-5)","background-image":"","background-repeat":"repeat","background-position":"center center","background-size":"auto","background-attachment":"scroll","background-type":"","background-media":"","overlay-type":"","overlay-color":"","overlay-opacity":"","overlay-gradient":""},"mobile":{"background-color":"var(--ast-global-color-5)","background-image":"","background-repeat":"repeat","background-position":"center center","background-size":"auto","background-attachment":"scroll","background-type":"","background-media":"","overlay-type":"","overlay-color":"","overlay-opacity":"","overlay-gradient":""}},"ngg_post_thumbnail":0,"footnotes":""},"categories":[3],"tags":[253,242],"class_list":["post-17996","post","type-post","status-publish","format-standard","hentry","category-aktualnosci-sion-wtz-bartoszyce","tag-253","tag-czerwiec"],"_links":{"self":[{"href":"http:\/\/sionbartoszyce.pl\/en\/wp-json\/wp\/v2\/posts\/17996","targetHints":{"allow":["GET"]}}],"collection":[{"href":"http:\/\/sionbartoszyce.pl\/en\/wp-json\/wp\/v2\/posts"}],"about":[{"href":"http:\/\/sionbartoszyce.pl\/en\/wp-json\/wp\/v2\/types\/post"}],"author":[{"embeddable":true,"href":"http:\/\/sionbartoszyce.pl\/en\/wp-json\/wp\/v2\/users\/1"}],"replies":[{"embeddable":true,"href":"http:\/\/sionbartoszyce.pl\/en\/wp-json\/wp\/v2\/comments?post=17996"}],"version-history":[{"count":1,"href":"http:\/\/sionbartoszyce.pl\/en\/wp-json\/wp\/v2\/posts\/17996\/revisions"}],"predecessor-version":[{"id":18047,"href":"http:\/\/sionbartoszyce.pl\/en\/wp-json\/wp\/v2\/posts\/17996\/revisions\/18047"}],"wp:attachment":[{"href":"http:\/\/sionbartoszyce.pl\/en\/wp-json\/wp\/v2\/media?parent=17996"}],"wp:term":[{"taxonomy":"category","embeddable":true,"href":"http:\/\/sionbartoszyce.pl\/en\/wp-json\/wp\/v2\/categories?post=17996"},{"taxonomy":"post_tag","embeddable":true,"href":"http:\/\/sionbartoszyce.pl\/en\/wp-json\/wp\/v2\/tags?post=17996"}],"curies":[{"name":"wp","href":"https:\/\/api.w.org\/{rel}","templated":true}]}}