{"id":17818,"date":"2022-05-04T13:49:45","date_gmt":"2022-05-04T11:49:45","guid":{"rendered":"http:\/\/sionbartoszyce.pl\/?p=17818"},"modified":"2022-05-04T13:49:45","modified_gmt":"2022-05-04T11:49:45","slug":"warminsko-mazurski-urzad-wojewodzki-w-olsztynie-uroczystosc-wreczenia-odznaczen","status":"publish","type":"post","link":"http:\/\/sionbartoszyce.pl\/en\/2022\/05\/04\/warminsko-mazurski-urzad-wojewodzki-w-olsztynie-uroczystosc-wreczenia-odznaczen\/","title":{"rendered":"Warmi\u0144sko &#8211; Mazurski Urz\u0105d Wojew\u00f3dzki w Olsztynie. Uroczysto\u015b\u0107 wr\u0119czenia odznacze\u0144."},"content":{"rendered":"<p><\/p>\n\n\n\n<p class=\"has-text-align-center\">\u00a03 Maja 2022r. w Warmi\u0144sko &#8211; Mazurskim Urz\u0119dzie Wojew\u00f3dzkim w Olsztynie odby\u0142o si\u0119 uroczyste spotkanie, podczas kt\u00f3rego w imieniu Prezydenta Rzeczypospolitej Polskiej odznaczenia pa\u0144stwowe wr\u0119czy\u0142 Wojewoda Warmi\u0144sko \u2013 Mazurski Artur Chojecki.<\/p>\n\n\n\n<p>Uhonorowani zostali:<\/p>\n\n\n\n<p class=\"has-text-align-center\"><strong>KRZY\u017bEM KAWALERSKIM ORDERU ODRODZENIA POLSKI<\/strong> <br>za zas\u0142ugi w dzia\u0142alno\u015bci na rzecz os\u00f3b niepe\u0142nosprawnych:<\/p>\n\n\n\n<p class=\"has-text-align-center\"><strong>\u00a0Lucyna J\u0119dryczka<\/strong><br>\u00a0Przewodnicz\u0105ca Stowarzyszenia Integracji Os\u00f3b Niepe\u0142nosprawnych SION<br>w Bartoszycach<br><br><strong>SREBRNYM KRZY\u017bEM ZAS\u0141UGI<\/strong><br> za zas\u0142ugi w dzia\u0142alno\u015bci na rzecz os\u00f3b potrzebuj\u0105cych pomocy oraz wsparcia, zagro\u017conych wykluczeniem spo\u0142ecznym:<\/p>\n\n\n\n<p class=\"has-text-align-center\">\u00a0<strong>Stefania Michalik \u00a0&#8211; Rosa<\/strong><br> Dyrektor Miejskiego O\u015brodka Pomocy Spo\u0142ecznej w Bartoszycach<br><br><strong>BR\u0104ZOWYM KRZY\u017bEM ZAS\u0141UGI <\/strong><br>za zas\u0142ugi w dzia\u0142alno\u015bci na rzecz os\u00f3b potrzebuj\u0105cych pomocy oraz wsparcia, zagro\u017conych wykluczeniem spo\u0142ecznym:<br><br><strong> Marta Gnes<\/strong><br>\u00a0Skarbnik Stowarzyszenia Integracji Os\u00f3b Niepe\u0142nosprawnych SION w Bartoszycach.<br><\/p>\n\n\n\n<p class=\"has-text-align-center\"><br>\u00a0Serdecznie gratulujemy wszystkim, kt\u00f3rzy zostali uhonorowani odznaczeniami pa\u0144stwowymi i \u017cyczymy dalszych sukces\u00f3w!<\/p>\n\n\n\n<p><a href=\"https:\/\/www.facebook.com\/arturhenrykchojecki\/posts\/405286878085602\" target=\"_blank\" rel=\"noopener\"><strong><span class=\"has-inline-color has-ast-global-color-0-color\">https:\/\/www.facebook.com\/arturhenrykchojecki\/posts\/405286878085602<\/span><\/strong><\/a><\/p>\n\n\n\nngg_shortcode_0_placeholder\n\n\n\n<p><\/p>\n\n\n\n<p><br><\/p>","protected":false},"excerpt":{"rendered":"<p>\u00a03 Maja 2022r. w Warmi\u0144sko &#8211; Mazurskim Urz\u0119dzie Wojew\u00f3dzkim w Olsztynie odby\u0142o si\u0119 uroczyste spotkanie, podczas kt\u00f3rego w imieniu Prezydenta Rzeczypospolitej Polskiej odznaczenia pa\u0144stwowe wr\u0119czy\u0142 Wojewoda Warmi\u0144sko \u2013 Mazurski Artur Chojecki. Uhonorowani zostali: KRZY\u017bEM KAWALERSKIM ORDERU ODRODZENIA POLSKI za zas\u0142ugi w dzia\u0142alno\u015bci na rzecz os\u00f3b niepe\u0142nosprawnych: \u00a0Lucyna J\u0119dryczka\u00a0Przewodnicz\u0105ca Stowarzyszenia Integracji Os\u00f3b Niepe\u0142nosprawnych SIONw Bartoszycach SREBRNYM [&hellip;]<\/p>\n","protected":false},"author":1,"featured_media":0,"comment_status":"closed","ping_status":"open","sticky":false,"template":"","format":"standard","meta":{"site-sidebar-layout":"default","site-content-layout":"","ast-site-content-layout":"default","site-content-style":"default","site-sidebar-style":"default","ast-global-header-display":"","ast-banner-title-visibility":"","ast-main-header-display":"","ast-hfb-above-header-display":"","ast-hfb-below-header-display":"","ast-hfb-mobile-header-display":"","site-post-title":"","ast-breadcrumbs-content":"","ast-featured-img":"","footer-sml-layout":"","ast-disable-related-posts":"","theme-transparent-header-meta":"","adv-header-id-meta":"","stick-header-meta":"","header-above-stick-meta":"","header-main-stick-meta":"","header-below-stick-meta":"","astra-migrate-meta-layouts":"default","ast-page-background-enabled":"default","ast-page-background-meta":{"desktop":{"background-color":"","background-image":"","background-repeat":"repeat","background-position":"center center","background-size":"auto","background-attachment":"scroll","background-type":"","background-media":"","overlay-type":"","overlay-color":"","overlay-opacity":"","overlay-gradient":""},"tablet":{"background-color":"","background-image":"","background-repeat":"repeat","background-position":"center center","background-size":"auto","background-attachment":"scroll","background-type":"","background-media":"","overlay-type":"","overlay-color":"","overlay-opacity":"","overlay-gradient":""},"mobile":{"background-color":"","background-image":"","background-repeat":"repeat","background-position":"center center","background-size":"auto","background-attachment":"scroll","background-type":"","background-media":"","overlay-type":"","overlay-color":"","overlay-opacity":"","overlay-gradient":""}},"ast-content-background-meta":{"desktop":{"background-color":"var(--ast-global-color-5)","background-image":"","background-repeat":"repeat","background-position":"center center","background-size":"auto","background-attachment":"scroll","background-type":"","background-media":"","overlay-type":"","overlay-color":"","overlay-opacity":"","overlay-gradient":""},"tablet":{"background-color":"var(--ast-global-color-5)","background-image":"","background-repeat":"repeat","background-position":"center center","background-size":"auto","background-attachment":"scroll","background-type":"","background-media":"","overlay-type":"","overlay-color":"","overlay-opacity":"","overlay-gradient":""},"mobile":{"background-color":"var(--ast-global-color-5)","background-image":"","background-repeat":"repeat","background-position":"center center","background-size":"auto","background-attachment":"scroll","background-type":"","background-media":"","overlay-type":"","overlay-color":"","overlay-opacity":"","overlay-gradient":""}},"ngg_post_thumbnail":0,"footnotes":""},"categories":[3],"tags":[253,243],"class_list":["post-17818","post","type-post","status-publish","format-standard","hentry","category-aktualnosci-sion-wtz-bartoszyce","tag-253","tag-maj"],"_links":{"self":[{"href":"http:\/\/sionbartoszyce.pl\/en\/wp-json\/wp\/v2\/posts\/17818","targetHints":{"allow":["GET"]}}],"collection":[{"href":"http:\/\/sionbartoszyce.pl\/en\/wp-json\/wp\/v2\/posts"}],"about":[{"href":"http:\/\/sionbartoszyce.pl\/en\/wp-json\/wp\/v2\/types\/post"}],"author":[{"embeddable":true,"href":"http:\/\/sionbartoszyce.pl\/en\/wp-json\/wp\/v2\/users\/1"}],"replies":[{"embeddable":true,"href":"http:\/\/sionbartoszyce.pl\/en\/wp-json\/wp\/v2\/comments?post=17818"}],"version-history":[{"count":1,"href":"http:\/\/sionbartoszyce.pl\/en\/wp-json\/wp\/v2\/posts\/17818\/revisions"}],"predecessor-version":[{"id":17837,"href":"http:\/\/sionbartoszyce.pl\/en\/wp-json\/wp\/v2\/posts\/17818\/revisions\/17837"}],"wp:attachment":[{"href":"http:\/\/sionbartoszyce.pl\/en\/wp-json\/wp\/v2\/media?parent=17818"}],"wp:term":[{"taxonomy":"category","embeddable":true,"href":"http:\/\/sionbartoszyce.pl\/en\/wp-json\/wp\/v2\/categories?post=17818"},{"taxonomy":"post_tag","embeddable":true,"href":"http:\/\/sionbartoszyce.pl\/en\/wp-json\/wp\/v2\/tags?post=17818"}],"curies":[{"name":"wp","href":"https:\/\/api.w.org\/{rel}","templated":true}]}}