{"id":17523,"date":"2021-11-16T11:19:11","date_gmt":"2021-11-16T10:19:11","guid":{"rendered":"http:\/\/sionbartoszyce.pl\/?p=17523"},"modified":"2021-11-16T11:19:14","modified_gmt":"2021-11-16T10:19:14","slug":"wyniki-konkursu-na-kokarde-narodowa-2021","status":"publish","type":"post","link":"http:\/\/sionbartoszyce.pl\/en\/2021\/11\/16\/wyniki-konkursu-na-kokarde-narodowa-2021\/","title":{"rendered":"Wyniki konkursu na \u201eKokard\u0119 Narodow\u0105 2021\u201d"},"content":{"rendered":"<p><br>11 listopada 2021 r., podczas miejskich uroczysto\u015bci patriotycznych w Bartoszyckim Domu Kultury, rozstrzygni\u0119to konkurs na \u201eKokard\u0119 Narodow\u0105 2021\u201d, w kt\u00f3rym udzia\u0142 brali r\u00f3wnie\u017c uczestnicy Warsztat\u00f3w Terapii Zaj\u0119ciowej. Jego tegoroczna edycja cieszy\u0142a si\u0119 bardzo du\u017cym zainteresowaniem, w pi\u0119ciu kategoriach wiekowych wp\u0142yn\u0119\u0142o prawie 300 prac.<\/p>\n\n\n\n<p><br>W kategorii: &#8222;Doro\u015bli&#8221; <strong>III miejsce <\/strong>zaj\u0119\u0142a nasza uczestniczka<strong> Julia Szejn.<\/strong><br><strong>Damian R\u00f3j<\/strong> oraz <strong>Katarzyna Strzelczyk<\/strong> otrzymali <strong>wyr\u00f3\u017cnienia.<\/strong><br><\/p>\n\n\n\n<p>Wszystkim serdecznie gratulujemy!<\/p>\n\n\n\n<figure class=\"wp-block-image size-large\"><img decoding=\"async\" src=\"http:\/\/sionbartoszyce.pl\/wp-content\/uploads\/2021\/11\/dyplom-Julia-669x1024.jpeg\" alt=\"\" class=\"wp-image-17524\"\/><\/figure>\n\n\n\n<figure class=\"wp-block-image size-large\"><img decoding=\"async\" src=\"http:\/\/sionbartoszyce.pl\/wp-content\/uploads\/2021\/11\/IMG_20211116_105204-768x1024.jpg\" alt=\"\" class=\"wp-image-17525\"\/><\/figure>","protected":false},"excerpt":{"rendered":"<p>11 listopada 2021 r., podczas miejskich uroczysto\u015bci patriotycznych w Bartoszyckim Domu Kultury, rozstrzygni\u0119to konkurs na \u201eKokard\u0119 Narodow\u0105 2021\u201d, w kt\u00f3rym udzia\u0142 brali r\u00f3wnie\u017c uczestnicy Warsztat\u00f3w Terapii Zaj\u0119ciowej. Jego tegoroczna edycja cieszy\u0142a si\u0119 bardzo du\u017cym zainteresowaniem, w pi\u0119ciu kategoriach wiekowych wp\u0142yn\u0119\u0142o prawie 300 prac. W kategorii: &#8222;Doro\u015bli&#8221; III miejsce zaj\u0119\u0142a nasza uczestniczka Julia Szejn.Damian R\u00f3j oraz [&hellip;]<\/p>\n","protected":false},"author":1,"featured_media":0,"comment_status":"closed","ping_status":"open","sticky":false,"template":"","format":"standard","meta":{"site-sidebar-layout":"default","site-content-layout":"default","ast-site-content-layout":"default","site-content-style":"default","site-sidebar-style":"default","ast-global-header-display":"","ast-banner-title-visibility":"","ast-main-header-display":"","ast-hfb-above-header-display":"","ast-hfb-below-header-display":"","ast-hfb-mobile-header-display":"","site-post-title":"","ast-breadcrumbs-content":"","ast-featured-img":"","footer-sml-layout":"","ast-disable-related-posts":"","theme-transparent-header-meta":"default","adv-header-id-meta":"","stick-header-meta":"","header-above-stick-meta":"","header-main-stick-meta":"","header-below-stick-meta":"","astra-migrate-meta-layouts":"default","ast-page-background-enabled":"default","ast-page-background-meta":{"desktop":{"background-color":"","background-image":"","background-repeat":"repeat","background-position":"center center","background-size":"auto","background-attachment":"scroll","background-type":"","background-media":"","overlay-type":"","overlay-color":"","overlay-opacity":"","overlay-gradient":""},"tablet":{"background-color":"","background-image":"","background-repeat":"repeat","background-position":"center center","background-size":"auto","background-attachment":"scroll","background-type":"","background-media":"","overlay-type":"","overlay-color":"","overlay-opacity":"","overlay-gradient":""},"mobile":{"background-color":"","background-image":"","background-repeat":"repeat","background-position":"center center","background-size":"auto","background-attachment":"scroll","background-type":"","background-media":"","overlay-type":"","overlay-color":"","overlay-opacity":"","overlay-gradient":""}},"ast-content-background-meta":{"desktop":{"background-color":"var(--ast-global-color-5)","background-image":"","background-repeat":"repeat","background-position":"center center","background-size":"auto","background-attachment":"scroll","background-type":"","background-media":"","overlay-type":"","overlay-color":"","overlay-opacity":"","overlay-gradient":""},"tablet":{"background-color":"var(--ast-global-color-5)","background-image":"","background-repeat":"repeat","background-position":"center center","background-size":"auto","background-attachment":"scroll","background-type":"","background-media":"","overlay-type":"","overlay-color":"","overlay-opacity":"","overlay-gradient":""},"mobile":{"background-color":"var(--ast-global-color-5)","background-image":"","background-repeat":"repeat","background-position":"center center","background-size":"auto","background-attachment":"scroll","background-type":"","background-media":"","overlay-type":"","overlay-color":"","overlay-opacity":"","overlay-gradient":""}},"ngg_post_thumbnail":0,"footnotes":""},"categories":[3],"tags":[254,250],"class_list":["post-17523","post","type-post","status-publish","format-standard","hentry","category-aktualnosci-sion-wtz-bartoszyce","tag-254","tag-listopad"],"_links":{"self":[{"href":"http:\/\/sionbartoszyce.pl\/en\/wp-json\/wp\/v2\/posts\/17523","targetHints":{"allow":["GET"]}}],"collection":[{"href":"http:\/\/sionbartoszyce.pl\/en\/wp-json\/wp\/v2\/posts"}],"about":[{"href":"http:\/\/sionbartoszyce.pl\/en\/wp-json\/wp\/v2\/types\/post"}],"author":[{"embeddable":true,"href":"http:\/\/sionbartoszyce.pl\/en\/wp-json\/wp\/v2\/users\/1"}],"replies":[{"embeddable":true,"href":"http:\/\/sionbartoszyce.pl\/en\/wp-json\/wp\/v2\/comments?post=17523"}],"version-history":[{"count":1,"href":"http:\/\/sionbartoszyce.pl\/en\/wp-json\/wp\/v2\/posts\/17523\/revisions"}],"predecessor-version":[{"id":17526,"href":"http:\/\/sionbartoszyce.pl\/en\/wp-json\/wp\/v2\/posts\/17523\/revisions\/17526"}],"wp:attachment":[{"href":"http:\/\/sionbartoszyce.pl\/en\/wp-json\/wp\/v2\/media?parent=17523"}],"wp:term":[{"taxonomy":"category","embeddable":true,"href":"http:\/\/sionbartoszyce.pl\/en\/wp-json\/wp\/v2\/categories?post=17523"},{"taxonomy":"post_tag","embeddable":true,"href":"http:\/\/sionbartoszyce.pl\/en\/wp-json\/wp\/v2\/tags?post=17523"}],"curies":[{"name":"wp","href":"https:\/\/api.w.org\/{rel}","templated":true}]}}