{"id":17478,"date":"2021-10-27T13:28:06","date_gmt":"2021-10-27T11:28:06","guid":{"rendered":"http:\/\/sionbartoszyce.pl\/?p=17478"},"modified":"2021-10-27T13:28:07","modified_gmt":"2021-10-27T11:28:07","slug":"uczestniczka-wtz-julia-otrzymala-wyroznienie-w-konkursie-plastycznym-warminsko-mazurskiego-oddzialu-pfron","status":"publish","type":"post","link":"http:\/\/sionbartoszyce.pl\/en\/2021\/10\/27\/uczestniczka-wtz-julia-otrzymala-wyroznienie-w-konkursie-plastycznym-warminsko-mazurskiego-oddzialu-pfron\/","title":{"rendered":"Uczestniczka WTZ &#8211; Julia otrzyma\u0142a Wyr\u00f3\u017cnienie w Konkursie Plastycznym Warmi\u0144sko &#8211; Mazurskiego Oddzia\u0142u PFRON."},"content":{"rendered":"<p>Tegoroczny Konkurs \u201eSztuka Os\u00f3b Niepe\u0142nosprawnych\u201d odbywa\u0142 si\u0119 pod nazw\u0105 \u201eTo, co kocham\u201d. W sk\u0142adzie Komisji Konkursowej znale\u017ali si\u0119: Urszula Dudko &#8211; artysta plastyk, Renata Pugowska &#8211; artysta plastyk, Wojciech Lisi\u0144ski &#8211; artysta fotograf oraz Joanna Bularz &#8211; pracownik Oddzia\u0142u. Komisja stan\u0119\u0142a przed nie\u0142atwym zadaniem dokonania wyboru najciekawszych prac. <\/p>\n\n\n\n<p>Wyr\u00f3\u017cnienie w konkursie otrzyma\u0142a nasza uczestniczka Julia Szejn. za prac\u0119 pt. Kocham Ta\u0144czy\u0107. <br>Gratulujemy Julii oraz wszystkim laureatom i uczestnikom konkursu!<\/p>\n\n\n\n<figure class=\"wp-block-image size-large\"><img decoding=\"async\" src=\"http:\/\/sionbartoszyce.pl\/wp-content\/uploads\/2021\/10\/julia.jpg\" alt=\"\" class=\"wp-image-17479\"\/><\/figure>","protected":false},"excerpt":{"rendered":"<p>Tegoroczny Konkurs \u201eSztuka Os\u00f3b Niepe\u0142nosprawnych\u201d odbywa\u0142 si\u0119 pod nazw\u0105 \u201eTo, co kocham\u201d. W sk\u0142adzie Komisji Konkursowej znale\u017ali si\u0119: Urszula Dudko &#8211; artysta plastyk, Renata Pugowska &#8211; artysta plastyk, Wojciech Lisi\u0144ski &#8211; artysta fotograf oraz Joanna Bularz &#8211; pracownik Oddzia\u0142u. Komisja stan\u0119\u0142a przed nie\u0142atwym zadaniem dokonania wyboru najciekawszych prac. Wyr\u00f3\u017cnienie w konkursie otrzyma\u0142a nasza uczestniczka Julia [&hellip;]<\/p>\n","protected":false},"author":1,"featured_media":0,"comment_status":"closed","ping_status":"open","sticky":false,"template":"","format":"standard","meta":{"site-sidebar-layout":"default","site-content-layout":"default","ast-site-content-layout":"default","site-content-style":"default","site-sidebar-style":"default","ast-global-header-display":"","ast-banner-title-visibility":"","ast-main-header-display":"","ast-hfb-above-header-display":"","ast-hfb-below-header-display":"","ast-hfb-mobile-header-display":"","site-post-title":"","ast-breadcrumbs-content":"","ast-featured-img":"","footer-sml-layout":"","ast-disable-related-posts":"","theme-transparent-header-meta":"default","adv-header-id-meta":"","stick-header-meta":"","header-above-stick-meta":"","header-main-stick-meta":"","header-below-stick-meta":"","astra-migrate-meta-layouts":"default","ast-page-background-enabled":"default","ast-page-background-meta":{"desktop":{"background-color":"","background-image":"","background-repeat":"repeat","background-position":"center center","background-size":"auto","background-attachment":"scroll","background-type":"","background-media":"","overlay-type":"","overlay-color":"","overlay-opacity":"","overlay-gradient":""},"tablet":{"background-color":"","background-image":"","background-repeat":"repeat","background-position":"center center","background-size":"auto","background-attachment":"scroll","background-type":"","background-media":"","overlay-type":"","overlay-color":"","overlay-opacity":"","overlay-gradient":""},"mobile":{"background-color":"","background-image":"","background-repeat":"repeat","background-position":"center center","background-size":"auto","background-attachment":"scroll","background-type":"","background-media":"","overlay-type":"","overlay-color":"","overlay-opacity":"","overlay-gradient":""}},"ast-content-background-meta":{"desktop":{"background-color":"var(--ast-global-color-5)","background-image":"","background-repeat":"repeat","background-position":"center center","background-size":"auto","background-attachment":"scroll","background-type":"","background-media":"","overlay-type":"","overlay-color":"","overlay-opacity":"","overlay-gradient":""},"tablet":{"background-color":"var(--ast-global-color-5)","background-image":"","background-repeat":"repeat","background-position":"center center","background-size":"auto","background-attachment":"scroll","background-type":"","background-media":"","overlay-type":"","overlay-color":"","overlay-opacity":"","overlay-gradient":""},"mobile":{"background-color":"var(--ast-global-color-5)","background-image":"","background-repeat":"repeat","background-position":"center center","background-size":"auto","background-attachment":"scroll","background-type":"","background-media":"","overlay-type":"","overlay-color":"","overlay-opacity":"","overlay-gradient":""}},"ngg_post_thumbnail":0,"footnotes":""},"categories":[3],"tags":[254,251],"class_list":["post-17478","post","type-post","status-publish","format-standard","hentry","category-aktualnosci-sion-wtz-bartoszyce","tag-254","tag-pazdziernik"],"_links":{"self":[{"href":"http:\/\/sionbartoszyce.pl\/en\/wp-json\/wp\/v2\/posts\/17478","targetHints":{"allow":["GET"]}}],"collection":[{"href":"http:\/\/sionbartoszyce.pl\/en\/wp-json\/wp\/v2\/posts"}],"about":[{"href":"http:\/\/sionbartoszyce.pl\/en\/wp-json\/wp\/v2\/types\/post"}],"author":[{"embeddable":true,"href":"http:\/\/sionbartoszyce.pl\/en\/wp-json\/wp\/v2\/users\/1"}],"replies":[{"embeddable":true,"href":"http:\/\/sionbartoszyce.pl\/en\/wp-json\/wp\/v2\/comments?post=17478"}],"version-history":[{"count":1,"href":"http:\/\/sionbartoszyce.pl\/en\/wp-json\/wp\/v2\/posts\/17478\/revisions"}],"predecessor-version":[{"id":17480,"href":"http:\/\/sionbartoszyce.pl\/en\/wp-json\/wp\/v2\/posts\/17478\/revisions\/17480"}],"wp:attachment":[{"href":"http:\/\/sionbartoszyce.pl\/en\/wp-json\/wp\/v2\/media?parent=17478"}],"wp:term":[{"taxonomy":"category","embeddable":true,"href":"http:\/\/sionbartoszyce.pl\/en\/wp-json\/wp\/v2\/categories?post=17478"},{"taxonomy":"post_tag","embeddable":true,"href":"http:\/\/sionbartoszyce.pl\/en\/wp-json\/wp\/v2\/tags?post=17478"}],"curies":[{"name":"wp","href":"https:\/\/api.w.org\/{rel}","templated":true}]}}