{"id":17275,"date":"2021-09-17T11:46:49","date_gmt":"2021-09-17T09:46:49","guid":{"rendered":"http:\/\/sionbartoszyce.pl\/?p=17275"},"modified":"2021-09-17T11:48:40","modified_gmt":"2021-09-17T09:48:40","slug":"xi-edycja-dnia-latawca-2","status":"publish","type":"post","link":"http:\/\/sionbartoszyce.pl\/en\/2021\/09\/17\/xi-edycja-dnia-latawca-2\/","title":{"rendered":"XI Edycja &#8222;Dnia Latawca&#8221;"},"content":{"rendered":"<p>16.09.2021r. p\u0142yta lodowiska wype\u0142niona zosta\u0142a kolorowymi, w\u0142asnor\u0119cznie wykonanymi latawcami przez osoby z niepe\u0142nosprawno\u015bciami z r\u00f3\u017cnych plac\u00f3wek . <\/p>\n\n\n\n<p><strong>1.<\/strong> Specjalny O\u015brodek Szkolno \u2013 Wychowawczy im. Kawaler\u00f3w Malta\u0144skich w Bartoszycach<br><strong>2.<\/strong> \u015arodowiskowy Dom Samopomocy w G\u00f3rowie I\u0142aweckim <br><strong>3.<\/strong> Warsztaty Terapii Zaj\u0119ciowej przy Stowarzyszeniu na Rzecz Os\u00f3b Niepe\u0142nosprawnych i Profilaktyki Zdrowia \u201eJeste\u015bmy Razem\u201d  w G\u00f3rowie I\u0142aweckim<br><strong>4.<\/strong> Dom Pomocy Spo\u0142ecznej w Kami\u0144sku<br><strong>5.<\/strong> Warsztaty Terapii Zaj\u0119ciowej przy Stowarzyszeniu Integracji Os\u00f3b Niepe\u0142nosprawnych <em>SION<\/em> w Bartoszycach <br><strong>6.<\/strong> Zak\u0142ad Aktywno\u015bci Zawodowej przy Stowarzyszeniu Integracji Os\u00f3b Niepe\u0142nosprawnych <em>SION<\/em> w Bartoszycach<br><strong>7.<\/strong> Szko\u0142a Podstawowa nr 3 im. Tadeusza Ko\u015bciuszki w Bartoszycach<\/p>\n\n\n\n<p>  Jest to ju\u017c XI edycja dnia latawca. W ramach obchod\u00f3w \u201eDnia latawca\u201d zorganizowano konkurs latawcowy bez ogranicze\u0144 wiekowych. Rywalizacja przebiega\u0142a w dw\u00f3ch kategoriach: latawce p\u0142askie oraz skrzynkowe Do start\u00f3w zosta\u0142y dopuszczeni wy\u0142\u0105cznie zawodnicy z w\u0142asnor\u0119cznie wykonanymi latawcami. Co roku podczas \u015awi\u0119ta Latawca pojawia si\u0119 wiele latawc\u00f3w. W tym roku by\u0142o ich oko\u0142o 20. Dla zawodnik\u00f3w przewidziano puchary, pami\u0105tkowe dyplomy i upominki, dla zwyci\u0119zc\u00f3w nagrody. R\u00f3wnolegle do konkursu latawcowego, na terenie lodowiska, czas umila\u0142y r\u00f3\u017cne konkursy. Mieli\u015bmy okazj\u0119 skosztowa\u0107 s\u0142odkich ciasteczek, rogalik\u00f3w, by\u0142y tak\u017ce kie\u0142baski z grilla. Dbali\u015bmy o to \u017ceby nikt z imprezy nie wyszed\u0142 g\u0142odny. Jury w sk\u0142adzie 3 os\u00f3b ocenia\u0142o latawce wykonane przez podopiecznych i uczestnik\u00f3w r\u00f3\u017cnych plac\u00f3wek. Mieli nie lada problem z wyborem najpi\u0119kniejszych! Ka\u017cda z dru\u017cyn czy indywidualne osoby po\u015bwi\u0119ci\u0142y mn\u00f3stwo czasu i zapa\u0142u, by zbudowa\u0107 latawiec, kt\u00f3ry b\u0119dzie czarowa\u0142 wygl\u0105dem.  Latawce prezentowa\u0142y si\u0119 cudownie! Kolorowe ogony, d\u0142ugie wst\u0119gi, r\u00f3\u017cne kszta\u0142ty i materia\u0142y. Ostatecznie \u2013 jury wybra\u0142o po trzech zwyci\u0119zc\u00f3w w 2 kategoriach: latawiec plaski, latawiec skrzynkowy oraz przyzna\u0142o wyr\u00f3\u017cnienia.<\/p>\n\n\n\n<p><strong>W kategorii Latawiec P\u0142aski:<\/strong><br><strong>I miejsce <\/strong>&#8211; Kamil L. &#8211; Zak\u0142ad Aktywno\u015bci Zawodowej przy Stowarzyszeniu Integracji Os\u00f3b Niepe\u0142nosprawnych <em>SION<\/em> w Bartoszycach z Latawcem &#8222;Jubilat&#8221;<br><strong>II miejsce <\/strong>&#8211; Miros\u0142aw G. &#8211; \u015arodowiskowy Dom Samopomocy w G\u00f3rowie I\u0142aweckim z latawcem &#8222;Lataj\u0105cy P\u0142omyk&#8221;<br><strong>III miejsce <\/strong>&#8211; Stanis\u0142aw M. &#8211; Szko\u0142a Podstawowa nr 3 im. Tadeusza Ko\u015bciuszki w Bartoszycach z latawcem &#8222;Grzesiu Floryda&#8221; <br><br><strong>Wyr\u00f3\u017cnienia w kategorii Latawiec P\u0142aski otrzymali:<\/strong><br>Andrzej H. -Warsztaty Terapii Zaj\u0119ciowej przy Stowarzyszeniu na Rzecz Os\u00f3b Niepe\u0142nosprawnych i Profilaktyki Zdrowia \u201eJeste\u015bmy Razem\u201d w G\u00f3rowie I\u0142aweckim z latawcem &#8222;Podniebny Kwiat&#8221;<br>Piotr P. &#8211; Warsztaty Terapii Zaj\u0119ciowej przy Stowarzyszeniu Integracji Os\u00f3b Niepe\u0142nosprawnych <em>SION<\/em> w Bartoszycach z latawcem &#8222;Formu\u0142a 1&#8221;<br>Sara W. &#8211; Warsztaty Terapii Zaj\u0119ciowej przy Stowarzyszeniu Integracji Os\u00f3b Niepe\u0142nosprawnych <em>SION<\/em> w Bartoszycach z latawcem &#8222;Minionek&#8221;<\/p>\n\n\n\n<p><strong>W kategorii Latawiec Skrzynkowy:<\/strong><br><strong>I miejsce <\/strong>&#8211; Specjalny O\u015brodek Szkolno \u2013 Wychowawczy im. Kawaler\u00f3w Malta\u0144skich w Bartoszycach z latawcem &#8222;Batmobile&#8221;<br><strong>II miejsce <\/strong>&#8211; Dom Pomocy Spo\u0142ecznej w Kami\u0144sku z latawcem &#8222;Covid&#8221;<br><strong>III miejsce <\/strong>&#8211; Warsztaty Terapii Zaj\u0119ciowej przy Stowarzyszeniu Integracji Os\u00f3b Niepe\u0142nosprawnych <em>SION<\/em> w Bartoszycach z latawcem &#8222;Matka Ziemia<br><\/p>\n\n\n\n<p> Dzi\u0119kujemy wszystkim uczestnikom, go\u015bciom, organizatorom i wszystkim dobrym duszom, kt\u00f3re przyczyni\u0142y si\u0119 do tego, \u017ce Dzie\u0144 Latawca wypad\u0142 tak \u015bwietnie! Najwa\u017cniejsze podzi\u0119kowania i brawa nale\u017c\u0105 si\u0119 osobom kt\u00f3re wzi\u0119\u0142y udzia\u0142 w tegorocznym konkursie na najpi\u0119kniejszego latawca. Bez Was \u2013 bez Waszych u\u015bmiech\u00f3w, zaanga\u017cowania, pi\u0119knej rywalizacji i rado\u015bci te \u015bwi\u0119to nie mia\u0142oby sensu.<\/p>\n\n\n\nngg_shortcode_0_placeholder\n\n\n\n<p><\/p>","protected":false},"excerpt":{"rendered":"<p>16.09.2021r. p\u0142yta lodowiska wype\u0142niona zosta\u0142a kolorowymi, w\u0142asnor\u0119cznie wykonanymi latawcami przez osoby z niepe\u0142nosprawno\u015bciami z r\u00f3\u017cnych plac\u00f3wek . 1. Specjalny O\u015brodek Szkolno \u2013 Wychowawczy im. Kawaler\u00f3w Malta\u0144skich w Bartoszycach2. \u015arodowiskowy Dom Samopomocy w G\u00f3rowie I\u0142aweckim 3. Warsztaty Terapii Zaj\u0119ciowej przy Stowarzyszeniu na Rzecz Os\u00f3b Niepe\u0142nosprawnych i Profilaktyki Zdrowia \u201eJeste\u015bmy Razem\u201d w G\u00f3rowie I\u0142aweckim4. Dom Pomocy Spo\u0142ecznej [&hellip;]<\/p>\n","protected":false},"author":1,"featured_media":0,"comment_status":"closed","ping_status":"open","sticky":false,"template":"","format":"standard","meta":{"site-sidebar-layout":"default","site-content-layout":"default","ast-site-content-layout":"default","site-content-style":"default","site-sidebar-style":"default","ast-global-header-display":"","ast-banner-title-visibility":"","ast-main-header-display":"","ast-hfb-above-header-display":"","ast-hfb-below-header-display":"","ast-hfb-mobile-header-display":"","site-post-title":"","ast-breadcrumbs-content":"","ast-featured-img":"","footer-sml-layout":"","ast-disable-related-posts":"","theme-transparent-header-meta":"default","adv-header-id-meta":"","stick-header-meta":"","header-above-stick-meta":"","header-main-stick-meta":"","header-below-stick-meta":"","astra-migrate-meta-layouts":"default","ast-page-background-enabled":"default","ast-page-background-meta":{"desktop":{"background-color":"","background-image":"","background-repeat":"repeat","background-position":"center center","background-size":"auto","background-attachment":"scroll","background-type":"","background-media":"","overlay-type":"","overlay-color":"","overlay-opacity":"","overlay-gradient":""},"tablet":{"background-color":"","background-image":"","background-repeat":"repeat","background-position":"center center","background-size":"auto","background-attachment":"scroll","background-type":"","background-media":"","overlay-type":"","overlay-color":"","overlay-opacity":"","overlay-gradient":""},"mobile":{"background-color":"","background-image":"","background-repeat":"repeat","background-position":"center center","background-size":"auto","background-attachment":"scroll","background-type":"","background-media":"","overlay-type":"","overlay-color":"","overlay-opacity":"","overlay-gradient":""}},"ast-content-background-meta":{"desktop":{"background-color":"var(--ast-global-color-5)","background-image":"","background-repeat":"repeat","background-position":"center center","background-size":"auto","background-attachment":"scroll","background-type":"","background-media":"","overlay-type":"","overlay-color":"","overlay-opacity":"","overlay-gradient":""},"tablet":{"background-color":"var(--ast-global-color-5)","background-image":"","background-repeat":"repeat","background-position":"center center","background-size":"auto","background-attachment":"scroll","background-type":"","background-media":"","overlay-type":"","overlay-color":"","overlay-opacity":"","overlay-gradient":""},"mobile":{"background-color":"var(--ast-global-color-5)","background-image":"","background-repeat":"repeat","background-position":"center center","background-size":"auto","background-attachment":"scroll","background-type":"","background-media":"","overlay-type":"","overlay-color":"","overlay-opacity":"","overlay-gradient":""}},"ngg_post_thumbnail":0,"footnotes":""},"categories":[3],"tags":[254,239],"class_list":["post-17275","post","type-post","status-publish","format-standard","hentry","category-aktualnosci-sion-wtz-bartoszyce","tag-254","tag-wrzesien"],"_links":{"self":[{"href":"http:\/\/sionbartoszyce.pl\/en\/wp-json\/wp\/v2\/posts\/17275","targetHints":{"allow":["GET"]}}],"collection":[{"href":"http:\/\/sionbartoszyce.pl\/en\/wp-json\/wp\/v2\/posts"}],"about":[{"href":"http:\/\/sionbartoszyce.pl\/en\/wp-json\/wp\/v2\/types\/post"}],"author":[{"embeddable":true,"href":"http:\/\/sionbartoszyce.pl\/en\/wp-json\/wp\/v2\/users\/1"}],"replies":[{"embeddable":true,"href":"http:\/\/sionbartoszyce.pl\/en\/wp-json\/wp\/v2\/comments?post=17275"}],"version-history":[{"count":3,"href":"http:\/\/sionbartoszyce.pl\/en\/wp-json\/wp\/v2\/posts\/17275\/revisions"}],"predecessor-version":[{"id":24586,"href":"http:\/\/sionbartoszyce.pl\/en\/wp-json\/wp\/v2\/posts\/17275\/revisions\/24586"}],"wp:attachment":[{"href":"http:\/\/sionbartoszyce.pl\/en\/wp-json\/wp\/v2\/media?parent=17275"}],"wp:term":[{"taxonomy":"category","embeddable":true,"href":"http:\/\/sionbartoszyce.pl\/en\/wp-json\/wp\/v2\/categories?post=17275"},{"taxonomy":"post_tag","embeddable":true,"href":"http:\/\/sionbartoszyce.pl\/en\/wp-json\/wp\/v2\/tags?post=17275"}],"curies":[{"name":"wp","href":"https:\/\/api.w.org\/{rel}","templated":true}]}}