{"id":17027,"date":"2021-06-22T12:00:12","date_gmt":"2021-06-22T10:00:12","guid":{"rendered":"http:\/\/sionbartoszyce.pl\/?p=17027"},"modified":"2021-12-03T11:36:33","modified_gmt":"2021-12-03T10:36:33","slug":"pomoz-nam-utworzyc-sale-rehabilitacyjna-dla-niepelnosprawnych-podopiecznych-naszego-stowarzyszenia","status":"publish","type":"post","link":"http:\/\/sionbartoszyce.pl\/en\/2021\/06\/22\/pomoz-nam-utworzyc-sale-rehabilitacyjna-dla-niepelnosprawnych-podopiecznych-naszego-stowarzyszenia\/","title":{"rendered":"Pom\u00f3\u017c nam utworzy\u0107 sal\u0119 rehabilitacyjn\u0105 dla niepe\u0142nosprawnych podopiecznych naszego Stowarzyszenia"},"content":{"rendered":"<p><a href=\"https:\/\/zrzutka.pl\/cn6bak\" target=\"_blank\" rel=\"noopener\"><strong><span class=\"has-inline-color has-vivid-cyan-blue-color\">https:\/\/zrzutka.pl\/cn6bak<\/span><\/strong><\/a><\/p>\n\n\n\n<p><br><br>Nasze Stowarzyszenie ju\u017c od 26 lat wspiera osoby niepe\u0142nosprawne i ich rodziny z powiatu bartoszyckiego. W tym czasie utworzyli\u015bmy Warsztaty Terapii Zaj\u0119ciowej, Zak\u0142ad Aktywno\u015bci Zawodowej, bezp\u0142atn\u0105 Wypo\u017cyczalni\u0119 Sprz\u0119tu Rehabilitacyjnego oraz zrealizowali\u015bmy wiele projekt\u00f3w oferuj\u0105cych osobom niepe\u0142nosprawnym udzia\u0142 w zaj\u0119ciach rehabilitacyjnych, terapii, szkoleniach i sta\u017cach zawodowych. Staramy si\u0119 wspiera\u0107 naszych podopiecznych na ka\u017cdym etapie ich \u017cycia: od lat najm\u0142odszych, a\u017c po doros\u0142o\u015b\u0107, tak by umo\u017cliwi\u0107 im w miar\u0119 samodzielne i aktywne \u017cycie. &nbsp;<\/p>\n\n\n\n<p>W zwi\u0105zku&nbsp; z tym, \u017ce liczba naszych podopiecznych z roku na rok si\u0119 powi\u0119ksza, postanowili\u015bmy utworzy\u0107 dla nich now\u0105, profesjonaln\u0105 sal\u0119 rehabilitacyjn\u0105. W sali tej planujemy prowadzi\u0107 zaj\u0119cia indywidualne i w ma\u0142ych grupach z zakresu rehabilitacji, rekreacji ruchowej,&nbsp; gimnastyki korekcyjnej oraz adaptowanej aktywno\u015bci fizycznej. Odpowiednio dobrane \u0107wiczenia zostan\u0105 nakierowane na konkretne problemy i potrzeby naszych niepe\u0142nosprawnych podopiecznych, dzi\u0119ki czemu mo\u017ce uda si\u0119 nam cho\u0107 cz\u0119\u015bciowo zatrzyma\u0107 proces post\u0119powania ich niepe\u0142nosprawno\u015bci i przywr\u00f3ci\u0107 w jakim\u015b stopniu ich sprawno\u015b\u0107 fizyczn\u0105.<\/p>\n\n\n\n<p>Sal\u0119 planujemy utworzy\u0107 w pomieszczeniach o \u0142\u0105cznej powierzchni ok 70 m2, znajduj\u0105cych si\u0119 w budynku hali sportowej po zlikwidowanym&nbsp; Gimnazjum nr 2 w Bartoszycach przy ul. Bema 39. Pomieszczenia te niestety wymagaj\u0105 generalnego remontu, aby zapewni\u0107 odpowiednie warunki do zaj\u0119\u0107 rehabilitacyjnych dla os\u00f3b niepe\u0142nosprawnych.&nbsp; Koszt ca\u0142ej inwestycji oszacowali\u015bmy na 170&nbsp;000,00 z\u0142 . Do tej pory na remont uda\u0142o nam si\u0119 pozyska\u0107 63&nbsp;000,00 z\u0142 dofinansowania ze \u015brodk\u00f3w PFRON, dodatkowo mamy jeszcze 31000,00 z\u0142 \u015brodk\u00f3w w\u0142asnych, kt\u00f3re przeznaczymy na t\u0119 inwestycj\u0119. Sporo nam jednak brakuje, aby zrealizowa\u0107 nasze plany. W zwi\u0105zku z tym prosimy Pa\u0144stwa o wsparcie nawet najdrobniejszymi kwotami, aby\u015bmy mogli stworzy\u0107 miejsce s\u0142u\u017c\u0105ce w szczeg\u00f3lno\u015bci osobom z niepe\u0142nosprawno\u015bciami.<\/p>\n\n\n\n<p>Warto zainwestowa\u0107 w konkretny projekt daj\u0105cy wiele mo\u017cliwo\u015bci. Taki, z kt\u00f3rego b\u0119d\u0105 mogli&nbsp;korzysta\u0107 najbardziej potrzebuj\u0105cy.<\/p>\n\n\n\n<p>Zach\u0119camy do wzi\u0119cia udzia\u0142u w akcji i dzi\u0119kujemy za pomoc!<\/p>\n\n\n\n<p>Za wp\u0142at\u0119 minimum 100z\u0142 na rzecz naszej akcji otrzymaj\u0105 pa\u0144stwo w podzi\u0119kowaniu pocz\u0119stunek w postaci \u015bwie\u017cych, gor\u0105cych wypiek\u00f3w oferowanych przez Zak\u0142ad Aktywno\u015bci Zawodowej przy Stowarzyszeniu Integracji Os\u00f3b Niepe\u0142nosprawnych w Bartoszycach (do odbioru osobi\u015bcie w Zak\u0142adzie przy ul. Bema 39 w Bartoszycach).&nbsp; Natomiast za wp\u0142at\u0119 w wysoko\u015bci 500,00 z\u0142 otrzymaj\u0105 pa\u0144stwo darmowy karnet na&nbsp; us\u0142ug\u0119 prania wodnego w naszym Zak\u0142adzie przy ul. Bema 39.<\/p>\n\n\n\n<p><a href=\"https:\/\/zrzutka.pl\/cn6bak\" target=\"_blank\" rel=\"noopener\"><strong><span class=\"has-inline-color has-vivid-cyan-blue-color\">https:\/\/zrzutka.pl\/cn6bak<\/span><\/strong><\/a><\/p>","protected":false},"excerpt":{"rendered":"<p>https:\/\/zrzutka.pl\/cn6bak Nasze Stowarzyszenie ju\u017c od 26 lat wspiera osoby niepe\u0142nosprawne i ich rodziny z powiatu bartoszyckiego. W tym czasie utworzyli\u015bmy Warsztaty Terapii Zaj\u0119ciowej, Zak\u0142ad Aktywno\u015bci Zawodowej, bezp\u0142atn\u0105 Wypo\u017cyczalni\u0119 Sprz\u0119tu Rehabilitacyjnego oraz zrealizowali\u015bmy wiele projekt\u00f3w oferuj\u0105cych osobom niepe\u0142nosprawnym udzia\u0142 w zaj\u0119ciach rehabilitacyjnych, terapii, szkoleniach i sta\u017cach zawodowych. Staramy si\u0119 wspiera\u0107 naszych podopiecznych na ka\u017cdym etapie ich [&hellip;]<\/p>\n","protected":false},"author":1,"featured_media":0,"comment_status":"closed","ping_status":"open","sticky":false,"template":"","format":"standard","meta":{"site-sidebar-layout":"default","site-content-layout":"default","ast-site-content-layout":"default","site-content-style":"default","site-sidebar-style":"default","ast-global-header-display":"","ast-banner-title-visibility":"","ast-main-header-display":"","ast-hfb-above-header-display":"","ast-hfb-below-header-display":"","ast-hfb-mobile-header-display":"","site-post-title":"","ast-breadcrumbs-content":"","ast-featured-img":"","footer-sml-layout":"","ast-disable-related-posts":"","theme-transparent-header-meta":"default","adv-header-id-meta":"","stick-header-meta":"","header-above-stick-meta":"","header-main-stick-meta":"","header-below-stick-meta":"","astra-migrate-meta-layouts":"default","ast-page-background-enabled":"default","ast-page-background-meta":{"desktop":{"background-color":"","background-image":"","background-repeat":"repeat","background-position":"center center","background-size":"auto","background-attachment":"scroll","background-type":"","background-media":"","overlay-type":"","overlay-color":"","overlay-opacity":"","overlay-gradient":""},"tablet":{"background-color":"","background-image":"","background-repeat":"repeat","background-position":"center center","background-size":"auto","background-attachment":"scroll","background-type":"","background-media":"","overlay-type":"","overlay-color":"","overlay-opacity":"","overlay-gradient":""},"mobile":{"background-color":"","background-image":"","background-repeat":"repeat","background-position":"center center","background-size":"auto","background-attachment":"scroll","background-type":"","background-media":"","overlay-type":"","overlay-color":"","overlay-opacity":"","overlay-gradient":""}},"ast-content-background-meta":{"desktop":{"background-color":"var(--ast-global-color-5)","background-image":"","background-repeat":"repeat","background-position":"center center","background-size":"auto","background-attachment":"scroll","background-type":"","background-media":"","overlay-type":"","overlay-color":"","overlay-opacity":"","overlay-gradient":""},"tablet":{"background-color":"var(--ast-global-color-5)","background-image":"","background-repeat":"repeat","background-position":"center center","background-size":"auto","background-attachment":"scroll","background-type":"","background-media":"","overlay-type":"","overlay-color":"","overlay-opacity":"","overlay-gradient":""},"mobile":{"background-color":"var(--ast-global-color-5)","background-image":"","background-repeat":"repeat","background-position":"center center","background-size":"auto","background-attachment":"scroll","background-type":"","background-media":"","overlay-type":"","overlay-color":"","overlay-opacity":"","overlay-gradient":""}},"ngg_post_thumbnail":0,"footnotes":""},"categories":[3],"tags":[254,242],"class_list":["post-17027","post","type-post","status-publish","format-standard","hentry","category-aktualnosci-sion-wtz-bartoszyce","tag-254","tag-czerwiec"],"_links":{"self":[{"href":"http:\/\/sionbartoszyce.pl\/en\/wp-json\/wp\/v2\/posts\/17027","targetHints":{"allow":["GET"]}}],"collection":[{"href":"http:\/\/sionbartoszyce.pl\/en\/wp-json\/wp\/v2\/posts"}],"about":[{"href":"http:\/\/sionbartoszyce.pl\/en\/wp-json\/wp\/v2\/types\/post"}],"author":[{"embeddable":true,"href":"http:\/\/sionbartoszyce.pl\/en\/wp-json\/wp\/v2\/users\/1"}],"replies":[{"embeddable":true,"href":"http:\/\/sionbartoszyce.pl\/en\/wp-json\/wp\/v2\/comments?post=17027"}],"version-history":[{"count":3,"href":"http:\/\/sionbartoszyce.pl\/en\/wp-json\/wp\/v2\/posts\/17027\/revisions"}],"predecessor-version":[{"id":17031,"href":"http:\/\/sionbartoszyce.pl\/en\/wp-json\/wp\/v2\/posts\/17027\/revisions\/17031"}],"wp:attachment":[{"href":"http:\/\/sionbartoszyce.pl\/en\/wp-json\/wp\/v2\/media?parent=17027"}],"wp:term":[{"taxonomy":"category","embeddable":true,"href":"http:\/\/sionbartoszyce.pl\/en\/wp-json\/wp\/v2\/categories?post=17027"},{"taxonomy":"post_tag","embeddable":true,"href":"http:\/\/sionbartoszyce.pl\/en\/wp-json\/wp\/v2\/tags?post=17027"}],"curies":[{"name":"wp","href":"https:\/\/api.w.org\/{rel}","templated":true}]}}