{"id":15833,"date":"2020-05-26T15:38:42","date_gmt":"2020-05-26T13:38:42","guid":{"rendered":"http:\/\/sionbartoszyce.pl\/?p=15833"},"modified":"2020-05-27T07:56:34","modified_gmt":"2020-05-27T05:56:34","slug":"15833","status":"publish","type":"post","link":"http:\/\/sionbartoszyce.pl\/en\/2020\/05\/26\/15833\/","title":{"rendered":"Wznowienie dzia\u0142alno\u015bci WTZ"},"content":{"rendered":"<p>\nZ dniem 27 maja 2020r. zostaje wznowiona dzia\u0142alno\u015b\u0107 Warsztatu Terapii Zaj\u0119ciowej przy SION w Bartoszycach. <br>Przekazujemy uczestnikom WTZ , rodzicom\/ opiekunom informacje dotycz\u0105ce organizacji pracy w WTZ przy SION w Bartoszycach w celu zapobiegania zaka\u017ceniom SARS-CoV-2.<\/p>\n\n\n\n<p>Funkcjonowanie plac\u00f3wki WTZ odbywa\u0107 si\u0119 b\u0119dzie w \u015bcis\u0142ym re\u017cimie sanitarnym z zachowaniem higieny i maksymalnego bezpiecze\u0144stwa przed zara\u017ceniem. <br>1. Plac\u00f3wka WTZ zapewnia pracownikom i uczestnikom WTZ \u015brodki ochrony osobistej, w tym r\u0119kawiczki, maseczki ochronne, p\u0142yny dezynfekuj\u0105ce.<br>2. Ka\u017cdy uczestnik przed wej\u015bciem do plac\u00f3wki ma mierzon\u0105 temperatur\u0119 cia\u0142a przy pomocy termometru bezdotykowego, a tak\u017ce dezynfekuje r\u0119ce \u015brodkiem dezynfekuj\u0105cym, kt\u00f3ry jest umieszczony przed wej\u015bciem do warsztatu; <br>Je\u017celi kontrolne sprawdzenie temperatury cia\u0142a wyka\u017ce warto\u015bci powy\u017cej 37, 5 stopni, w drodze jednostronnej decyzji uczestnik WTZ nie zostanie <br>w danym dniu przyj\u0119ty do plac\u00f3wki WTZ i b\u0119dzie m\u00f3g\u0142 do niej wr\u00f3ci\u0107 po ustaniu wszelkich objaw\u00f3w chorobowych. <br>3. W plac\u00f3wce WTZ umieszczone s\u0105 w widocznym miejscu instrukcje z zasadami prawid\u0142owego mycia r\u0105k, zak\u0142adania i \u015bci\u0105gania r\u0119kawiczek <br>i maski oraz dezynfekcji r\u0105k <br>4. W szatni WTZ umieszczona jest informacja o maksymalnej liczbie os\u00f3b przebywaj\u0105cych w  szatni. <br>5. Uczestnicy WTZ nie przychodz\u0105 do plac\u00f3wki:<br>\u2022 w sytuacji stwierdzenia u siebie niepokoj\u0105cych objaw\u00f3w choroby zaka\u017anej,<br>\u2022 kt\u00f3rzy w ci\u0105gu ostatnich 14 dni mieli kontakt z osob\u0105, u kt\u00f3rej potwierdzono lub podejrzewa si\u0119 zaka\u017cenie SARS-CoV-2, obj\u0119t\u0105 kwarantann\u0105, zaka\u017con\u0105, izolowan\u0105. <br>\u2022 je\u017celi wykazuj\u0105 objawy infekcji dr\u00f3g oddechowych.<br>6. Zakaz wst\u0119pu na teren plac\u00f3wki osobom, kt\u00f3rych obecno\u015b\u0107 nie jest konieczna do zapewnienia ci\u0105g\u0142o\u015bci dzia\u0142alno\u015bci. <br>7. Wyj\u015bcia poza teren plac\u00f3wki WTZ w ramach prowadzonej dzia\u0142alno\u015bci zostaj\u0105 ograniczone. Zaj\u0119cia dla uczestnik\u00f3w b\u0119d\u0105 prowadzone na terenie obiektu, ograniczaj\u0105c w ten spos\u00f3b kontakt z osobami z zewn\u0105trz (wstrzymanie si\u0119 z organizacj\u0105 wycieczek, trening\u00f3w \u017cycia codziennego, kt\u00f3re odbywaj\u0105 si\u0119 poza obiektem).<br>8. \u015arodki ochrony osobistej \u2013 chodzi przede wszystkim o os\u0142on\u0119 ust i nosa \u2013 powinny by\u0107 stosowane w miar\u0119 mo\u017cliwo\u015bci przez osoby prowadz\u0105ce zaj\u0119cia oraz uczestnik\u00f3w WTZ.<\/p>\n\n\n\n<p>W zakresie prowadzenia zaj\u0119\u0107 z uczestnikami: <\/p>\n\n\n\n<p>1. Ograniczone kontakty pracownik\u00f3w niesprawuj\u0105cych pieczy nad realizacj\u0105 procesu rehabilitacji z uczestnikami. <br>2. Podzia\u0142 uczestnik\u00f3w na ma\u0142e, kilkuosobowe grupy o sta\u0142ym sk\u0142adzie z przydzielonymi sta\u0142ymi pracownikami. Jednocze\u015bnie nale\u017cy unika\u0107 sytuacji, w kt\u00f3rych uczestnicy r\u00f3\u017cnych grup b\u0119d\u0105 mie\u0107 ze sob\u0105 bezpo\u015bredni kontakt. <br>3. W ramach prowadzonych zaj\u0119\u0107 rekomenduje si\u0119 uwzgl\u0119dnienie tematyki dotycz\u0105cej obecnej sytuacji epidemicznej, w tym ze szczeg\u00f3lnym podkre\u015bleniem wagi utrzymywania w\u0142a\u015bciwej higieny osobistej i otoczenia, oraz dystansu spo\u0142ecznego. <br>4. Rezygnacja z zaj\u0119\u0107 w ramach pracowni gospodarstwa domowego. <br>\u2022 Spo\u017cywanie posi\u0142k\u00f3w w sali jadalnej w WTZ w Bartoszycach przez wszystkich jednocze\u015bnie zostaje zawieszone.<br>\u2022  Posi\u0142ki przyniesione przez uczestnika WTZ b\u0119d\u0105 spo\u017cywane w pracowniach terapeutycznych w ma\u0142ych grupach. Po ka\u017cdym spo\u017cywaj\u0105cym posi\u0142ek b\u0119d\u0105 myte i dezynfekowane stoliki.<br>5. Rezygnacja z udzia\u0142u uczestnik\u00f3w w praktykach zawodowych <br>u pracodawc\u00f3w. <br>6. Uczestnik WTZ zachowuje bezpieczn\u0105 odleg\u0142o\u015b\u0107 od rozm\u00f3wcy (rekomendowane s\u0105 2 metry).<br>7. Podczas zaj\u0119\u0107 dokonuje si\u0119 wietrzenia wszystkich pomieszcze\u0144 <br>(w zale\u017cno\u015bci od potrzeb)<br>8. Przed przyst\u0105pieniem do pracy, po zako\u0144czeniu pracy oraz w trakcie zaj\u0119\u0107 wszyscy uczestnicy WTZ zobowi\u0105zani s\u0105 do cz\u0119stego mycia <br>i dezynfekowania r\u0105k. Uczestnicy powinni my\u0107 r\u0119ce po wej\u015bciu do pracowni terapeutycznej, przed i po posi\u0142kach, po skorzystaniu z toalety oraz <br>w innych sytuacjach zgodnie z potrzeb\u0105 lub na polecenie instruktora. Mycie r\u0105k powinno trwa\u0107 minimum 30 sekund i odbywa\u0107 si\u0119 na zasadach szczeg\u00f3\u0142owo opisanych w instrukcji mycia r\u0105k  wywieszonych <br>w widocznym miejscu w \u0142azienkach i pracowniach terapeutycznych.<br>9. Po zako\u0144czeniu zaj\u0119\u0107 dezynfekowane s\u0105 narz\u0119dzia i sprz\u0119t. <\/p>\n\n\n\n<p>III.  Szczeg\u00f3\u0142owe zasady dezynfekcji sprz\u0119t\u00f3w w WTZ<br>1. Wszystkie sprz\u0119ty oraz narz\u0119dzia po zako\u0144czeniu pracy musz\u0105 zosta\u0107 zdezynfekowane, Dezynfekcja sprz\u0119t\u00f3w s\u0142u\u017c\u0105cych do pracy odbywa si\u0119 <br>z zastosowaniem \u015brodka do dezynfekcji na bazie alkoholu (zawarto\u015b\u0107 minimum 60%).<br>2. Celem dezynfekcji sprz\u0119t\u00f3w jest zapobieganie zaka\u017ceniu drog\u0105 kontaktow\u0105 oraz zminimalizowanie ryzyka rozprzestrzeniania si\u0119 zaka\u017ce\u0144.<br>3. Cz\u0119sto u\u017cywane powierzchnie u\u017cytkowe i wyposa\u017cenie wykorzystywane do zaj\u0119\u0107 s\u0105 regularnie dezynfekowane, podobnie jak powierzchnie wsp\u00f3lne takie jak klamki drzwi wej\u015bciowych, framugi i skrzyd\u0142a drzwi, por\u0119cze, blaty, oparcia krzese\u0142.  klawiatury, myszki, w\u0142\u0105czniki \u015bwiate\u0142 czy biurka. <br>4. Pracownik przyst\u0119puje do dezynfekcji w gumowych r\u0119kawiczkach ochronnych. Dezynfekcja odbywa si\u0119 poprzez dok\u0142adne spryskanie sprz\u0119tu lub powierzchni p\u0142ynem do dezynfekcji o minimalnej zawarto\u015bci alkoholu 60%.Po zdezynfekowaniu sprz\u0119ty i narz\u0119dzia musz\u0105 zosta\u0107 od\u0142o\u017cone na swoje miejsce.<br>5. Po zako\u0144czonej dezynfekcji pracownik \u015bci\u0105ga i wyrzuca r\u0119kawiczki jednorazowe do dedykowanego kosza na \u015bmieci.<\/p>\n\n\n\n<p>IV. \tSpos\u00f3b post\u0119powania na wypadek zauwa\u017cenia objaw\u00f3w choroby<\/p>\n\n\n\n<p>Zar\u00f3wno pracownicy, jak i uczestnicy WTZ w przypadku wyst\u0105pienia niepokoj\u0105cych objaw\u00f3w pozostaj\u0105 w domu, nie przychodz\u0105 do pracy czy na zaj\u0119cia i kontaktuj\u0105 si\u0119 telefonicznie z lekarzem w celu uzyskania teleporady medycznej.<\/p>\n\n\n\n<p>W przypadku wyst\u0105pienia u osoby niepokoj\u0105cych objaw\u00f3w sugeruj\u0105cych zaka\u017cenie SARS-CoV-2 niezw\u0142ocznie podejmowane s\u0105 kroki maj\u0105ce na celu izolacj\u0119 tej osoby od innych os\u00f3b przebywaj\u0105cych w plac\u00f3wce (wydzielona powierzchnia zapewniaj\u0105ca odst\u0119p od innych os\u00f3b minimum 2 metry z ka\u017cdej strony). Nast\u0119pnie  osoba ta zak\u0142ada os\u0142on\u0119 ust i nosa, je\u015bli to mo\u017cliwe ze wzgl\u0119du na jej stan zdrowia i mo\u017cliwo\u015bci psychoruchowe, zawiadamiana zostaje rodzina b\u0105d\u017a osoby wskazane do kontaktu <br>o zaistnia\u0142ej sytuacji.<\/p>\n\n\n\n<p>W przypadku uczestnik\u00f3w ubezw\u0142asnowolnionych rodzic\/opiekun po telefonie z plac\u00f3wki WTZ ma obowi\u0105zek odebra\u0107 uczestnika najszybciej, jak to mo\u017cliwe. W przypadku nieodebrania uczestnika WTZ, b\u0105d\u017a braku mo\u017cliwo\u015bci skontaktowania si\u0119 z rodzicami\/opiekunami, kierownik powiadamia w\u0142a\u015bciwe organy s\u0142u\u017cby zdrowia. <\/p>\n\n\n\n<p>Plac\u00f3wka  kontaktuje si\u0119 telefonicznie z w\u0142a\u015bciw\u0105 miejscowo powiatow\u0105 stacj\u0105 sanitarno-epidemiologiczn\u0105 i stosuje si\u0119 \u015bci\u015ble do wydawanych instrukcji i polece\u0144.<br><br>Przydatne instrukcje:<br>&#8211; mycia r\u0105k<\/p>\n\n\n\n<figure class=\"wp-block-image\"><img decoding=\"async\" src=\"http:\/\/sionbartoszyce.pl\/wp-content\/uploads\/2020\/05\/mycie-r\u0105k-kwadrat-1024x1024.png\" alt=\"\" class=\"wp-image-15834\"\/><\/figure>\n\n\n\n<p>&#8211; dezynfekcji r\u0105k<\/p>\n\n\n\n<figure class=\"wp-block-image\"><img decoding=\"async\" src=\"http:\/\/sionbartoszyce.pl\/wp-content\/uploads\/2020\/05\/Dezynfekcja_ra\u0328k_MZ.jpg\" alt=\"\" class=\"wp-image-15835\"\/><\/figure>\n\n\n\n<p><br>&#8211; prawid\u0142owego zdejmowania maseczk<\/p>\n\n\n\n<figure class=\"wp-block-image\"><img decoding=\"async\" src=\"http:\/\/sionbartoszyce.pl\/wp-content\/uploads\/2020\/05\/maseczka-MZ-PIS-1024x1024.png\" alt=\"\" class=\"wp-image-15836\"\/><\/figure>\n\n\n\n<p><br>&#8211; prawid\u0142owego zdejmowania r\u0119kawiczek<\/p>\n\n\n\n<figure class=\"wp-block-image\"><img decoding=\"async\" src=\"http:\/\/sionbartoszyce.pl\/wp-content\/uploads\/2020\/05\/r\u0119kawiczki-683x1024.png\" alt=\"\" class=\"wp-image-15837\"\/><\/figure>\n\n\n\n<p><br><a rel=\"noreferrer noopener\" target=\"_blank\" href=\"https:\/\/gis.gov.pl\/aktualnosci\/koronawirus-jak-prawidlowo-nalozyc-i-zdjac-rekawice\/?fbclid=IwAR3fZkF5LrG-kOi5tVeJc6cP0QPg-_SjFcOPWq26TgxghXVbL1BZLk3KFZY\"><\/a><\/p>","protected":false},"excerpt":{"rendered":"<p>Z dniem 27 maja 2020r. zostaje wznowiona dzia\u0142alno\u015b\u0107 Warsztatu Terapii Zaj\u0119ciowej przy SION w Bartoszycach. Przekazujemy uczestnikom WTZ , rodzicom\/ opiekunom informacje dotycz\u0105ce organizacji pracy w WTZ przy SION w Bartoszycach w celu zapobiegania zaka\u017ceniom SARS-CoV-2. Funkcjonowanie plac\u00f3wki WTZ odbywa\u0107 si\u0119 b\u0119dzie w \u015bcis\u0142ym re\u017cimie sanitarnym z zachowaniem higieny i maksymalnego bezpiecze\u0144stwa przed zara\u017ceniem. 1. [&hellip;]<\/p>\n","protected":false},"author":1,"featured_media":0,"comment_status":"open","ping_status":"open","sticky":false,"template":"","format":"standard","meta":{"site-sidebar-layout":"default","site-content-layout":"","ast-site-content-layout":"default","site-content-style":"default","site-sidebar-style":"default","ast-global-header-display":"","ast-banner-title-visibility":"","ast-main-header-display":"","ast-hfb-above-header-display":"","ast-hfb-below-header-display":"","ast-hfb-mobile-header-display":"","site-post-title":"","ast-breadcrumbs-content":"","ast-featured-img":"","footer-sml-layout":"","ast-disable-related-posts":"","theme-transparent-header-meta":"","adv-header-id-meta":"","stick-header-meta":"","header-above-stick-meta":"","header-main-stick-meta":"","header-below-stick-meta":"","astra-migrate-meta-layouts":"default","ast-page-background-enabled":"default","ast-page-background-meta":{"desktop":{"background-color":"","background-image":"","background-repeat":"repeat","background-position":"center center","background-size":"auto","background-attachment":"scroll","background-type":"","background-media":"","overlay-type":"","overlay-color":"","overlay-opacity":"","overlay-gradient":""},"tablet":{"background-color":"","background-image":"","background-repeat":"repeat","background-position":"center center","background-size":"auto","background-attachment":"scroll","background-type":"","background-media":"","overlay-type":"","overlay-color":"","overlay-opacity":"","overlay-gradient":""},"mobile":{"background-color":"","background-image":"","background-repeat":"repeat","background-position":"center center","background-size":"auto","background-attachment":"scroll","background-type":"","background-media":"","overlay-type":"","overlay-color":"","overlay-opacity":"","overlay-gradient":""}},"ast-content-background-meta":{"desktop":{"background-color":"var(--ast-global-color-5)","background-image":"","background-repeat":"repeat","background-position":"center center","background-size":"auto","background-attachment":"scroll","background-type":"","background-media":"","overlay-type":"","overlay-color":"","overlay-opacity":"","overlay-gradient":""},"tablet":{"background-color":"var(--ast-global-color-5)","background-image":"","background-repeat":"repeat","background-position":"center center","background-size":"auto","background-attachment":"scroll","background-type":"","background-media":"","overlay-type":"","overlay-color":"","overlay-opacity":"","overlay-gradient":""},"mobile":{"background-color":"var(--ast-global-color-5)","background-image":"","background-repeat":"repeat","background-position":"center center","background-size":"auto","background-attachment":"scroll","background-type":"","background-media":"","overlay-type":"","overlay-color":"","overlay-opacity":"","overlay-gradient":""}},"ngg_post_thumbnail":0,"footnotes":""},"categories":[3],"tags":[255,243],"class_list":["post-15833","post","type-post","status-publish","format-standard","hentry","category-aktualnosci-sion-wtz-bartoszyce","tag-255","tag-maj"],"_links":{"self":[{"href":"http:\/\/sionbartoszyce.pl\/en\/wp-json\/wp\/v2\/posts\/15833","targetHints":{"allow":["GET"]}}],"collection":[{"href":"http:\/\/sionbartoszyce.pl\/en\/wp-json\/wp\/v2\/posts"}],"about":[{"href":"http:\/\/sionbartoszyce.pl\/en\/wp-json\/wp\/v2\/types\/post"}],"author":[{"embeddable":true,"href":"http:\/\/sionbartoszyce.pl\/en\/wp-json\/wp\/v2\/users\/1"}],"replies":[{"embeddable":true,"href":"http:\/\/sionbartoszyce.pl\/en\/wp-json\/wp\/v2\/comments?post=15833"}],"version-history":[{"count":2,"href":"http:\/\/sionbartoszyce.pl\/en\/wp-json\/wp\/v2\/posts\/15833\/revisions"}],"predecessor-version":[{"id":15839,"href":"http:\/\/sionbartoszyce.pl\/en\/wp-json\/wp\/v2\/posts\/15833\/revisions\/15839"}],"wp:attachment":[{"href":"http:\/\/sionbartoszyce.pl\/en\/wp-json\/wp\/v2\/media?parent=15833"}],"wp:term":[{"taxonomy":"category","embeddable":true,"href":"http:\/\/sionbartoszyce.pl\/en\/wp-json\/wp\/v2\/categories?post=15833"},{"taxonomy":"post_tag","embeddable":true,"href":"http:\/\/sionbartoszyce.pl\/en\/wp-json\/wp\/v2\/tags?post=15833"}],"curies":[{"name":"wp","href":"https:\/\/api.w.org\/{rel}","templated":true}]}}